{"id":2317,"date":"2021-02-08T12:38:00","date_gmt":"2021-02-08T11:38:00","guid":{"rendered":"https:\/\/www.it-ps.at\/?p=2317"},"modified":"2024-10-16T11:12:38","modified_gmt":"2024-10-16T09:12:38","slug":"it-power-services-setzt-notwendige-massnahmen-zur-aktuellen-coronavirus-situation","status":"publish","type":"post","link":"https:\/\/www.it-ps.at\/en\/it-power-services-setzt-notwendige-massnahmen-zur-aktuellen-coronavirus-situation\/","title":{"rendered":"IT-PS zu Corona-Ma\u00dfnahmen: Update 08.02.2021"},"content":{"rendered":"\n<p><strong>Am Montag den 16.03.2020 hat die \u00f6sterreichische Bundesregierung Ma\u00dfnahmen zur Verhinderung der Verbreitung des Coronavirus (COVID-19) beschlossen, die die gesamte Bev\u00f6lkerung betrifft. Die IT-PS als IT-Spezialist ist von Haus aus daf\u00fcr gut ger\u00fcstet und setzt entsprechende Ma\u00dfnahmen problemlos um: <\/strong><\/p>\n\n\n\n<!--more-->\n\n\n\n<h1 class=\"has-col-16-abdd-color has-text-color wp-block-heading\">Montag 08.02.2021<\/h1>\n\n\n\n<p>Unser B\u00fcro bleibt weiterhin nur f\u00fcr notwendige Aufenthalte ge\u00f6ffnet. G\u00e4ste werden gebeten sich anzumelden um die Notwendigkeit der Anwesenheit abzustimmen. Sowohl Mitarbeiter als auch G\u00e4ste werden angehalten beim Betreten in dem separaten Raum einen Corona-Selbsttest zu machen. Erst nach Best\u00e4tigung des negativen Ergebnisses d\u00fcrfen die B\u00fcror\u00e4ume betreten werden.<\/p>\n\n\n\n<p>Wir danken f\u00fcr Ihr Verst\u00e4ndnis.<\/p>\n\n\n\n<h1 class=\"has-col-16-abdd-color has-text-color wp-block-heading\">Montag 17.11.2020 <\/h1>\n\n\n\n<p>Aufgrund der aktuellen Entwicklung und Entscheidungen der \u00f6sterreichischen Bundesregierung sind wir wieder im HomeOffice um die Gesundheit unserer Mitarbeiter sicherzustellen. Selbstverst\u00e4ndlich sind wir weiterhin f\u00fcr Sie erreichbar und stehen wie gewohnt zur Verf\u00fcgung.<\/p>\n\n\n\n<p>Sollten Vorort-Termine bei Ihnen notwendig sein, bitten wir um Kontaktaufnahme um die Sicherheit aller Beteiligten sicherzustellen. G\u00e4ste in unserem B\u00fcro, falls notwendig, werden weiterhin aufgefordert einen Mund-Nasenschutz zu tragen.<\/p>\n\n\n\n<h1 class=\"has-col-16-abdd-color has-text-color wp-block-heading\">Montag 28.09.2020 <\/h1>\n\n\n\n<p>Wir sind ab 28.09.2020 wieder mit B\u00fcroanwesenheit f\u00fcr Sie im Einsatz. Die notwendigen Sicherheitsma\u00dfnahmen k\u00f6nnen wir durch den Bezug unseres neuen B\u00fcros selbstverst\u00e4ndlich sicherstellen.<br><br>G\u00e4ste in unserem B\u00fcro werden aufgefordert Mund-Nasenschutz zu tragen, solange sie sich nicht auf dem zugeordneten Sitzplatz aufhalten. Desinfektionsm\u00f6glichkeiten sind selbstverst\u00e4ndlich vorhanden.<br>F\u00fcr unsere Mitarbeiter gilt nat\u00fcrlich das Selbe bei Terminen au\u00dferhalb unseres B\u00fcros.<br><br>F\u00fcr etwaige Fragen kontaktieren Sie uns bitte!<br>Ihr IT-PS Team<\/p>\n\n\n\n<h1 class=\"has-col-16-abdd-color has-text-color wp-block-heading\">Montag 01.06.2020 <\/h1>\n\n\n\n<p>Unsere HomeOffice Verf\u00fcgbarkeit wird bis auf Weiteres verl\u00e4ngert und mit teilweiser und reduzierter B\u00fcroanwesenheit kombiniert. Pers\u00f6nliche Termine sind bitte mit den Personen unter Ber\u00fccksichtigung der Corona-Vorsichtsma\u00dfnahmen abzusprechen.<br><br>F\u00fcr etwaige Fragen stehen wir gerne zur Verf\u00fcgung!<br>Ihr IT-PS Team<\/p>\n\n\n\n<h1 class=\"has-col-16-abdd-color has-text-color wp-block-heading\">Montag 04.05.2020 <\/h1>\n\n\n\n<p>Unsere HomeOffice Verf\u00fcgbarkeit wird bis Ende Mai verl\u00e4ngert. Wir halten Sie hier in unserem Blog \u00fcber \u00c4nderungen am Laufenden.<br><br>F\u00fcr etwaige Fragen stehen wir gerne zur Verf\u00fcgung!<br>Ihr IT-PS Team<\/p>\n\n\n\n<h1 class=\"has-col-16-abdd-color has-text-color wp-block-heading\">DIENSTAG 07.04.2020 <\/h1>\n\n\n\n<p>Basierend auf der Verlautbarung unserer Bundesregierung vom 06. April 2020 die Ausgangsbeschr\u00e4nkung bis Ende April zu verl\u00e4ngern, bleibt unser B\u00fcro in der Trubelgasse bis auf weiteres unbesetzt.<br> Daher gilt weiterhin, dass Vorort-Unterst\u00fctzung sowie pers\u00f6nliche Termine nur in absoluten Notf\u00e4llen sowie in Absprache mit unserer Gesch\u00e4ftsf\u00fchrung durchgef\u00fchrt werden k\u00f6nnen.<br><br>Wir halten Sie hier in unserem Blog \u00fcber \u00c4nderungen am Laufenden.<br><br>F\u00fcr etwaige Fragen stehen wir gerne zur Verf\u00fcgung!<br>Ihr IT-PS Team<\/p>\n\n\n\n<h1 class=\"has-col-16-abdd-color has-text-color wp-block-heading\">Montag 16.03.2020 <\/h1>\n\n\n\n<p>Die \u00f6sterreichische Bundesregierung beschlie\u00dft \u00f6sterreichweite Ma\u00dfnahmen um die Verbreitung des derzeit kursierenden Coronavirus einzud\u00e4mmen.<br><br>Die IT Power Services als IT-Spezialist ist daf\u00fcr bestens ger\u00fcstet und mit dem Thema Business Continuity Management (Krisenmanagement) sehr gut vertraut. Aus diesem Grund sind standardm\u00e4\u00dfig alle Mitarbeiter mit Home Office M\u00f6glichkeiten  ausgestattet die schnell aktiviert werden k\u00f6nnen. Diese Ma\u00dfnahme wurde auch problemlos sofort umgesetzt. Alle unsere Services und Erreichbarkeiten stehen daher f\u00fcr unsere Kunden weiterhin zur Verf\u00fcgung. Unser B\u00fcro in der Trubelgasse ist derzeit nicht besetzt.<br><br>Wir bitten unsere Kunden allerdings um Verst\u00e4ndnis, dass Vorort-Unterst\u00fctzung sowie pers\u00f6nliche Termine nur in absoluten Notf\u00e4llen sowie in Absprache mit unserer Gesch\u00e4ftsf\u00fchrung durchgef\u00fchrt werden k\u00f6nnen.<br>Derzeit wird davon ausgegangen, dass die Situation bis Ostern (Mitte April) dauern wird. Wir halten Sie hier in unserem Blog \u00fcber \u00c4nderungen am Laufenden.<br><br>F\u00fcr etwaigen Fragen stehen wir gerne zur Verf\u00fcgung!<br>Ihr IT-PS Team<\/p>\n","protected":false},"excerpt":{"rendered":"<p>Update zu Corona-Ma\u00dfnahmen.<\/p>\n","protected":false},"author":5,"featured_media":2344,"comment_status":"closed","ping_status":"closed","sticky":false,"template":"","format":"standard","meta":{"_EventAllDay":false,"_EventTimezone":"","_EventStartDate":"","_EventEndDate":"","_EventStartDateUTC":"","_EventEndDateUTC":"","_EventShowMap":false,"_EventShowMapLink":false,"_EventURL":"","_EventCost":"","_EventCostDescription":"","_EventCurrencySymbol":"","_EventCurrencyCode":"","_EventCurrencyPosition":"","_EventDateTimeSeparator":"","_EventTimeRangeSeparator":"","_EventOrganizerID":[],"_EventVenueID":[],"_OrganizerEmail":"","_OrganizerPhone":"","_OrganizerWebsite":"","_VenueAddress":"","_VenueCity":"","_VenueCountry":"","_VenueProvince":"","_VenueState":"","_VenueZip":"","_VenuePhone":"","_VenueURL":"","_VenueStateProvince":"","_VenueLat":"","_VenueLng":"","_VenueShowMap":false,"_VenueShowMapLink":false,"footnotes":""},"categories":[20],"tags":[],"class_list":["post-2317","post","type-post","status-publish","format-standard","has-post-thumbnail","hentry","category-allgemeines"],"aioseo_notices":[],"_links":{"self":[{"href":"https:\/\/www.it-ps.at\/en\/wp-json\/wp\/v2\/posts\/2317","targetHints":{"allow":["GET"]}}],"collection":[{"href":"https:\/\/www.it-ps.at\/en\/wp-json\/wp\/v2\/posts"}],"about":[{"href":"https:\/\/www.it-ps.at\/en\/wp-json\/wp\/v2\/types\/post"}],"author":[{"embeddable":true,"href":"https:\/\/www.it-ps.at\/en\/wp-json\/wp\/v2\/users\/5"}],"replies":[{"embeddable":true,"href":"https:\/\/www.it-ps.at\/en\/wp-json\/wp\/v2\/comments?post=2317"}],"version-history":[{"count":1,"href":"https:\/\/www.it-ps.at\/en\/wp-json\/wp\/v2\/posts\/2317\/revisions"}],"predecessor-version":[{"id":10979,"href":"https:\/\/www.it-ps.at\/en\/wp-json\/wp\/v2\/posts\/2317\/revisions\/10979"}],"wp:featuredmedia":[{"embeddable":true,"href":"https:\/\/www.it-ps.at\/en\/wp-json\/wp\/v2\/media\/2344"}],"wp:attachment":[{"href":"https:\/\/www.it-ps.at\/en\/wp-json\/wp\/v2\/media?parent=2317"}],"wp:term":[{"taxonomy":"category","embeddable":true,"href":"https:\/\/www.it-ps.at\/en\/wp-json\/wp\/v2\/categories?post=2317"},{"taxonomy":"post_tag","embeddable":true,"href":"https:\/\/www.it-ps.at\/en\/wp-json\/wp\/v2\/tags?post=2317"}],"curies":[{"name":"wp","href":"https:\/\/api.w.org\/{rel}","templated":true}]}}