{"id":3259,"date":"2021-03-05T11:59:42","date_gmt":"2021-03-05T10:59:42","guid":{"rendered":"https:\/\/www.it-ps.at\/?p=3259"},"modified":"2024-10-16T11:11:23","modified_gmt":"2024-10-16T09:11:23","slug":"it-ps-foerdert-nachwuchssportlerin","status":"publish","type":"post","link":"https:\/\/www.it-ps.at\/en\/it-ps-foerdert-nachwuchssportlerin\/","title":{"rendered":"IT-Power Services f\u00f6rdert Nachwuchssportlerin"},"content":{"rendered":"\n<p>Der IT-PS ist bewusst wie wichtig die Unterst\u00fctzung der Generation von morgen ist. Als Unternehmen nehmen wir die Vorbildfunktion daher auch sehr ernst. Aus diesem Grund unterst\u00fctzen wir eine \u00e4u\u00dferst talentierte Nachwuchsportlerin seit geraumer Zeit, die wir Ihnen hier vorstellen wollen:<\/p>\n\n\n\n<!--more-->\n\n\n\n<h2 class=\"has-col-16-abdd-color has-text-color wp-block-heading\">IT-Power Services steht f\u00fcr Zusammenarbeit<\/h2>\n\n\n\n<p>Wer die IT-PS kennt, wei\u00df, dass sie f\u00fcr Teamwork, Flexibilit\u00e4t und Dynamik steht. F\u00fcr Erfolg braucht es Unterst\u00fctzung und Kooperation. Das gilt f\u00fcr die eigenen Mitarbeiter, Kunden und Partner.<\/p>\n\n\n\n<p>Wir sind uns als Unternehmen auch unserer sozialen Verantwortung bewusst. Die Nachwuchsf\u00f6rderung und Unterst\u00fctzung junger wissbegieriger Menschen ist durch die regelm\u00e4\u00dfige Aufnahme von Ferialpraktikanten fest in der Unternehmenskultur verankert. Auch die Ausbildung von Lehrlingen ist geplant.<\/p>\n\n\n\n<h2 class=\"has-col-16-abdd-color has-text-color wp-block-heading\">F\u00fcr die Jugend ist Bewegung und Sport enorm wichtig<\/h2>\n\n\n\n<p>Aber wir engagieren uns auch au\u00dferhalb des eigentlichen Gesch\u00e4ftsumfelds indem wir nun auch eine talentierte Nachwuchssportlerin unterst\u00fctzen. Was w\u00fcrde sich da besser anbieten als die Leichtathletik, die so vielseitig und herausfordernd ist, wie die IT-Welt?<\/p>\n\n\n\n<p>Klaus Haderer und Werner H\u00f6ger, unsere beiden Gesch\u00e4ftsf\u00fchrer, haben selbst aktiv Leistungssport betrieben und sind bis heute aktive Sportler. Allerdings sind hier wohl keine Medaillen mehr zu erwarten. Und so wurde entschieden jemand J\u00fcngeren in diesem Bestreben zu f\u00f6rdern:<\/p>\n\n\n\n<p>Wir freuen uns daher sehr, Ihnen hiermit das Leichtathletik-Ausnahmetalent, Anja Dlauhy, vorzustellen, die wir seit geraumer Zeit tatkr\u00e4ftig unterst\u00fctzen:<\/p>\n\n\n\n<div class=\"wp-block-image\"><figure class=\"aligncenter\"><img loading=\"lazy\" decoding=\"async\" width=\"768\" height=\"1024\" src=\"https:\/\/www.it-ps.at\/wp-content\/uploads\/2021\/03\/2021-02_anja-1-768x1024.jpg\" alt=\"\" class=\"wp-image-3263\" srcset=\"https:\/\/www.it-ps.at\/wp-content\/uploads\/2021\/03\/2021-02_anja-1-768x1024.jpg 768w, https:\/\/www.it-ps.at\/wp-content\/uploads\/2021\/03\/2021-02_anja-1-225x300.jpg 225w, https:\/\/www.it-ps.at\/wp-content\/uploads\/2021\/03\/2021-02_anja-1-1152x1536.jpg 1152w, https:\/\/www.it-ps.at\/wp-content\/uploads\/2021\/03\/2021-02_anja-1.jpg 1200w\" sizes=\"auto, (max-width: 768px) 100vw, 768px\" \/><\/figure><\/div>\n\n\n\n<h2 class=\"has-text-align-left has-col-16-abdd-color has-text-color wp-block-heading\">Wer ist Anja Dlauhy?<\/h2>\n\n\n\n<ul class=\"wp-block-list\"><li>Geboren am 2. J\u00e4nner 2003 in Baden<\/li><li>Athletin des ULC Riverside M\u00f6dling im \u00d6LSZ S\u00fcdstadt<\/li><li>Nominiert f\u00fcr Elitekader des N\u00d6LV und Hopekader des \u00d6LV<\/li><li>Leichtathletin seit August 2017<\/li><li>Davor Karriere als Turnerin:<ul><li>2x \u00f6sterreichische Meisterin im Turn10 Einzel<\/li><li>3x Mannschaft<\/li><\/ul><\/li><li>Aufspielerin im Landeskader des N\u00d6 Volleyballverbands 2017<\/li><li>Seit 2019 gepr\u00fcfte Landesskilehrerin (Anw\u00e4rterkurs)<\/li><li>2020\/21 Instruktorkurs f\u00fcr Leichtathletik von der BSPA Linz (Abschlusspr\u00fcfung im November 2021)<\/li><\/ul>\n\n\n\n<h2 class=\"has-col-16-abdd-color has-text-color wp-block-heading\">Anja kann mit ihren 18 Jahren bereits einige Erfolge vorzeigen:<\/h2>\n\n\n\n<ul class=\"wp-block-list\"><li>2017: <ul><li>1. Platz \u00f6sterr. Meisterschaft (\u00d6M) 4 x 100m Staffel U16<\/li><\/ul><\/li><li>2019:1. Platz \u00d6M 4 x 100m Staffel U18<ul><li>2. Platz \u00d6M Freiluft Hochsprung U20<\/li><li>3. Platz \u00d6M Halle Hochsprung U20<\/li><li>4. Platz \u00d6M Freiluft Hochsprung U18<\/li><li>5. Platz \u00d6M Siebenkampf mit N\u00d6 Punktebestleistung U18<\/li><li>5. Platz \u00d6M Hallo F\u00fcnfkampf U18<\/li><li>6. Platz \u00d6M Halle Weitsprung U20<\/li><li>8. Platz \u00d6M 100m H\u00fcrden U18<\/li><\/ul><\/li><li>2020:<ul><li>1. Platz \u00d6M Halle Hochsprung U20<\/li><li>2. Platz \u00d6M Halle Mehrkampf mit N\u00d6 Punktebestleistung U18<\/li><li>3. Platz \u00d6M Halle Hochsprung U18<\/li><li>2. Platz \u00d6M Freiluft Mehrkampf mit N\u00d6 Punktebestleitung U18<\/li><li>3. Platz \u00d6M Freiluft Hochsprung U18<\/li><li>1. Platz \u00d6M 4 x 100m Staffel mit N\u00d6 Rekord U18<\/li><li>1. Platz \u00d6M 4 x 100m Staffel U20<\/li><li>4. Platz \u00d6STM (\u00f6sterr. Staatsmeisterschaft) Halle Mehrkampf<\/li><\/ul><\/li><li>2021: <ul><li>3. Platz \u00d6STM Halle Hochsprung<\/li><\/ul><\/li><\/ul>\n\n\n\n<h2 class=\"has-col-16-abdd-color has-text-color wp-block-heading\">Diese Ziele motivieren Anja:<\/h2>\n\n\n\n<ul class=\"wp-block-list\" id=\"block-99e656b6-81e6-41ce-8e90-600db69eb0a8\"><li>2021 EM U20: Teilnahme im Mehrkampf und\/oder in Hochsprung<\/li><li>\u00d6sterreichische Staatsmeisterin<\/li><li>Teilnahme an internationalen Wettk\u00e4mpfen (EM, WM, Olympia)<\/li><\/ul>\n\n\n\n<h2 class=\"has-col-16-abdd-color has-text-color wp-block-heading\">Aber auch abseits des Sports hat Anja viele Interessen:<\/h2>\n\n\n\n<p>Neben dem Engagement zur Erreichung ihrer sportlichen Ziele versucht Anja Abwechslung und Ausgleich in kreativen Bereichen im Alltag zu bringen. Sie spielt seit ihrem 10. Lebensjahr Gitarre und liebt es, sich Geschichten auszudenken. Daraus ergaben sich bis jetzt ebenfalls interessante Erfahrungen:<\/p>\n\n\n\n<ul class=\"wp-block-list\"><li>4-fache Finalistin beim N\u00d6 Jugend-Kurzgeschichtenbewerb schreib.art (2015, 2016, 2018, 2019)<\/li><li>Mehrfaches Mitwirken bei Konzerten in sozialen Einrichtungen (Weihnachtsfeiern in Pflegeheimen und Sozialzentren)<\/li><\/ul>\n\n\n\n<p><\/p>\n\n\n\n<p>Die gesamte Belegschaft der IT-PS freut sich jetzt schon dich auf deinem Weg zu begleiten und mit dir die noch kommenden Erfolge zu feiern!<\/p>\n","protected":false},"excerpt":{"rendered":"<p>Der IT-PS ist bewusst wie wichtig die Unterst\u00fctzung der Generation von morgen ist. Als Unternehmen nehmen wir die Vorbildfunktion daher auch sehr ernst. Aus diesem Grund unterst\u00fctzen wir eine \u00e4u\u00dferst [&hellip;]<\/p>\n","protected":false},"author":5,"featured_media":3270,"comment_status":"closed","ping_status":"closed","sticky":false,"template":"","format":"standard","meta":{"_EventAllDay":false,"_EventTimezone":"","_EventStartDate":"","_EventEndDate":"","_EventStartDateUTC":"","_EventEndDateUTC":"","_EventShowMap":false,"_EventShowMapLink":false,"_EventURL":"","_EventCost":"","_EventCostDescription":"","_EventCurrencySymbol":"","_EventCurrencyCode":"","_EventCurrencyPosition":"","_EventDateTimeSeparator":"","_EventTimeRangeSeparator":"","_EventOrganizerID":[],"_EventVenueID":[],"_OrganizerEmail":"","_OrganizerPhone":"","_OrganizerWebsite":"","_VenueAddress":"","_VenueCity":"","_VenueCountry":"","_VenueProvince":"","_VenueState":"","_VenueZip":"","_VenuePhone":"","_VenueURL":"","_VenueStateProvince":"","_VenueLat":"","_VenueLng":"","_VenueShowMap":false,"_VenueShowMapLink":false,"footnotes":""},"categories":[20],"tags":[],"class_list":["post-3259","post","type-post","status-publish","format-standard","has-post-thumbnail","hentry","category-allgemeines"],"aioseo_notices":[],"_links":{"self":[{"href":"https:\/\/www.it-ps.at\/en\/wp-json\/wp\/v2\/posts\/3259","targetHints":{"allow":["GET"]}}],"collection":[{"href":"https:\/\/www.it-ps.at\/en\/wp-json\/wp\/v2\/posts"}],"about":[{"href":"https:\/\/www.it-ps.at\/en\/wp-json\/wp\/v2\/types\/post"}],"author":[{"embeddable":true,"href":"https:\/\/www.it-ps.at\/en\/wp-json\/wp\/v2\/users\/5"}],"replies":[{"embeddable":true,"href":"https:\/\/www.it-ps.at\/en\/wp-json\/wp\/v2\/comments?post=3259"}],"version-history":[{"count":1,"href":"https:\/\/www.it-ps.at\/en\/wp-json\/wp\/v2\/posts\/3259\/revisions"}],"predecessor-version":[{"id":10977,"href":"https:\/\/www.it-ps.at\/en\/wp-json\/wp\/v2\/posts\/3259\/revisions\/10977"}],"wp:featuredmedia":[{"embeddable":true,"href":"https:\/\/www.it-ps.at\/en\/wp-json\/wp\/v2\/media\/3270"}],"wp:attachment":[{"href":"https:\/\/www.it-ps.at\/en\/wp-json\/wp\/v2\/media?parent=3259"}],"wp:term":[{"taxonomy":"category","embeddable":true,"href":"https:\/\/www.it-ps.at\/en\/wp-json\/wp\/v2\/categories?post=3259"},{"taxonomy":"post_tag","embeddable":true,"href":"https:\/\/www.it-ps.at\/en\/wp-json\/wp\/v2\/tags?post=3259"}],"curies":[{"name":"wp","href":"https:\/\/api.w.org\/{rel}","templated":true}]}}