{"id":3507,"date":"2021-06-21T12:08:41","date_gmt":"2021-06-21T10:08:41","guid":{"rendered":"https:\/\/www.it-ps.at\/?p=3507"},"modified":"2024-10-16T11:10:10","modified_gmt":"2024-10-16T09:10:10","slug":"anja-dlauhy-missgeschick-verhindert-top-platzierung","status":"publish","type":"post","link":"https:\/\/www.it-ps.at\/en\/anja-dlauhy-missgeschick-verhindert-top-platzierung\/","title":{"rendered":"Anja Dlauhy: Missgeschick verhindert Top-Platzierung"},"content":{"rendered":"\n<p>Beim Leichtathletik Mehrkampf muss sich Anja Dlauhy gleich mehreren Disziplinen stellen: H\u00fcrdensprint, Hochsprung, Kugelsto\u00dfen, Weitsprung und 800m-Lauf. Leider l\u00e4uft das nicht immer wie geplant, aber das Nachwuchstalent hat mentale St\u00e4rke und Gr\u00f6\u00dfe bewiesen indem sie auch was Positives daran sieht und nicht aufgibt.<\/p>\n\n\n\n<!--more-->\n\n\n\n<h2 class=\"has-col-16-abdd-color has-text-color wp-block-heading\">Sturz im H\u00fcrdenlauf kostet Anja Dlauhy einen neuen U20-N\u00d6 Rekord<\/h2>\n\n\n\n<p>Erst k\u00fcrzlich hat die aufstrebende Mehrk\u00e4mpferin eine Wildcard vom \u00d6sterreichischen Leichtathletikverband f\u00fcr die Staatsmeisterschaften im Hallenmehrkampf erhalten.<\/p>\n\n\n\n<p>Durch die Coronaeinschr\u00e4nkungen waren nur acht Athletinnen startberechtigt und da die junge Traiskirchnerin altersbedingt erst in diesem Jahr in die Allgemeine Klasse aufgestiegen ist, hatte sie kein Limit vorzuweisen.<\/p>\n\n\n\n<p>Doch ihre starken Leistungen in der Vorsaison und die bisher heuer abgelieferten Resultate erm\u00f6glichten das Nachr\u00fccken nach verletzungsbedingten Absagen von Verena Preiner und Sarah Lagger.<\/p>\n\n\n\n<h2 class=\"has-col-16-abdd-color has-text-color wp-block-heading\">Der H\u00fcrdensprint als Stolperfalle<\/h2>\n\n\n\n<p>Die \u00d6LSZ-Athletin des ULC Riverside M\u00f6dling wollte sich aber nicht nur mit einer \u201eStatistenrolle\u201c begn\u00fcgen, sondern ihre Nominierung durch einen starken Wettkampf rechtfertigen. Die Formkurve der letzten Wochen zeigte nach oben und dementsprechend hoch war auch die pers\u00f6nliche Erwartungshaltung.<\/p>\n\n\n\n<p>Doch leider musste sie nahezu alle Hoffnungen bereits nach dem ersten Bewerb begraben. Beim H\u00fcrdensprint blieb sie bei der zweiten H\u00fcrde mit dem Nachzugsbein h\u00e4ngen, kam dadurch ins Straucheln und musste nach der 3.H\u00fcrde sogar zu Boden. Trotzdem beendete sie den Lauf, lie\u00df durch diese schlechte Zeit aber nat\u00fcrlich viele Punkte f\u00fcr die Gesamtwertung liegen.<\/p>\n\n\n\n<p>Ab diesem Zeitpunkt ging es praktisch nur mehr darum, diesen Mehrkampf mit Anstand zu Ende zu bringen und mit guten Leistungen Selbstvertrauen f\u00fcr die zuk\u00fcnftigen Aufgaben zu tanken.<\/p>\n\n\n\n<h2 class=\"has-text-align-left has-col-16-abdd-color has-text-color wp-block-heading\">Paradedisziplin Hochsprung<\/h2>\n\n\n\n<p>In einer ihrer Paradedisziplinen, dem Hochsprung, gelang dieses Vorhaben sehr gut. Mit \u00fcbersprungenen 1,72m lieferte sie ihre bisher beste Hochsprungleistung in einem Mehrkampf ab und blieb am Ende nur eine H\u00f6he hinter Ivona Dadic (1,75m).<\/p>\n\n\n\n<div class=\"wp-block-image\"><figure class=\"aligncenter size-large\"><img loading=\"lazy\" decoding=\"async\" width=\"954\" height=\"693\" src=\"https:\/\/www.it-ps.at\/wp-content\/uploads\/2021\/06\/2021-02_hochsprung.jpg\" alt=\"\" class=\"wp-image-3510\" srcset=\"https:\/\/www.it-ps.at\/wp-content\/uploads\/2021\/06\/2021-02_hochsprung.jpg 954w, https:\/\/www.it-ps.at\/wp-content\/uploads\/2021\/06\/2021-02_hochsprung-300x218.jpg 300w, https:\/\/www.it-ps.at\/wp-content\/uploads\/2021\/06\/2021-02_hochsprung-768x558.jpg 768w\" sizes=\"auto, (max-width: 954px) 100vw, 954px\" \/><\/figure><\/div>\n\n\n\n<h2 class=\"has-col-16-abdd-color has-text-color wp-block-heading\">Angstbewerb Kugelsto\u00dfen<\/h2>\n\n\n\n<p>Die dritte Disziplin war ein wenig der \u201eAngstbewerb\u201c von Dlauhy. Das Kugelsto\u00dfen ist im Moment noch die Achillesferse, sie wusste aber mit 9,28m die Erwartungen im Rahmen ihrer derzeitigen M\u00f6glichkeiten zu erf\u00fcllen.<\/p>\n\n\n\n<div class=\"wp-block-image\"><figure class=\"aligncenter size-large\"><img loading=\"lazy\" decoding=\"async\" width=\"933\" height=\"680\" src=\"https:\/\/www.it-ps.at\/wp-content\/uploads\/2021\/06\/2021-02_kugelstossen.jpg\" alt=\"\" class=\"wp-image-3512\" srcset=\"https:\/\/www.it-ps.at\/wp-content\/uploads\/2021\/06\/2021-02_kugelstossen.jpg 933w, https:\/\/www.it-ps.at\/wp-content\/uploads\/2021\/06\/2021-02_kugelstossen-300x219.jpg 300w, https:\/\/www.it-ps.at\/wp-content\/uploads\/2021\/06\/2021-02_kugelstossen-768x560.jpg 768w\" sizes=\"auto, (max-width: 933px) 100vw, 933px\" \/><\/figure><\/div>\n\n\n\n<h2 class=\"has-col-16-abdd-color has-text-color wp-block-heading\">Neue pers\u00f6nliche Bestleistung im Weitsprung<\/h2>\n\n\n\n<p>Wesentlich bessere Chancen rechnete sich die Traiskirchnerin im Weitsprung aus. Doch leider \u00fcbertrat sie beim ersten, sehr guten, Versuch denkbar knapp. Ihre mentale St\u00e4rke bewies Dlauhy dann gleich im zweiten Versuch, wo sie mit 5,50m eine neue pers\u00f6nliche Bestleitung erzielen und dadurch auch Boden in der Gesamtwertung gutmachen konnten.<\/p>\n\n\n\n<h2 class=\"has-col-16-abdd-color has-text-color wp-block-heading\">Zufriedenstellender Abschluss mit 800m-Lauf<\/h2>\n\n\n\n<p>Im abschlie\u00dfenden 800m-Lauf gelang ihr dann auch noch einmal eine kleine Verbesserung ihrer PB und ein zufriedenstellender Abschluss eines eigentlich starken Wettkampfs. Mit 3275 Punkten belegte sie als j\u00fcngste Teilnehmerin des Starterinnefeldes den 4.Gesamtrang und haderte nat\u00fcrlich ein wenig mit dem verpatzten H\u00fcrdenlauf:<\/p>\n\n\n\n<h2 class=\"has-col-16-abdd-color has-text-color wp-block-heading\">Das Fazit<\/h2>\n\n\n\n<p>\u201eJa, die H\u00fcrden waren heute ein richtiger \u201eFail\u201c! Leider kann sowas immer passieren, ist halt bl\u00f6d, wenn\u2019s grad im Mehrkampf ist. W\u00e4re ich nur halbwegs in den Bereich meiner zuletzt gezeigten Leistungen geblieben, h\u00e4tte ich am Ende rund 340-350 Punkte mehr am Konto. Das w\u00e4re nicht nur neuer N\u00d6-U20 Landesrekord gewesen, sondern h\u00e4tte mir am Ende auch den Vize-Staatsmeistertitel eingebracht.<\/p>\n\n\n\n<p>Aber es hilft ja eh nix und au\u00dferdem muss man ja auch sehen, dass mit Verena Preiner und Sarah Lagger ja zwei Topathletinnen ausgefallen sind und auch Ivona Dadic ist nach der Kugel auf ein Training unter Wettkampfbedingungen umgestiegen, weil sie auch noch nicht ganz fit nach einer Verletzung ist. Vor zwei Wochen w\u00e4re ich schon froh gewesen, dass ich \u00fcberhaupt mitmachen darf! Es war schon ein Topwettkampf von allen anderen und auch mit meiner Leistung bin eigentlich zufrieden. Zwei neue PBs, ein sehr stabiler Hochsprung und eine passable Kugelsto\u00dfleistung best\u00e4tigen mir, dass die Richtung stimmt!\u201c<\/p>\n\n\n\n<p>Zum Abschluss der Hallensaison bestreitet die Athletin des \u00d6LSZ S\u00fcdstadt am Sonntag 21.2.2021 noch die Hallen-Staatsmeisterschaften im Hochsprung, bevor es dann wieder ins Aufbautraining f\u00fcr die Sommersaison geht.<\/p>\n\n\n\n\n\n<p>Die gesamte IT-PS gratuliert dir, liebe Anja, herzlichst zu diesem weiteren Wettkampferfolg. Wie du mit der f\u00fcr dich schwierigen Situation umgegangen bist und das Beste draus gemacht hast, zeigt, dass du eine gro\u00dfe Sportlerin bist.<br>Wir freuen uns jetzt schon deine kommenden Erfolge mit dir erleben und feiern zu d\u00fcrfen!<\/p>\n","protected":false},"excerpt":{"rendered":"<p>Beim Leichtathletik Mehrkampf muss sich Anja Dlauhy gleich mehreren Disziplinen stellen: H\u00fcrdensprint, Hochsprung, Kugelsto\u00dfen, Weitsprung und 800m-Lauf. Leider l\u00e4uft das nicht immer wie geplant, aber das Nachwuchstalent hat mentale St\u00e4rke [&hellip;]<\/p>\n","protected":false},"author":5,"featured_media":3270,"comment_status":"closed","ping_status":"closed","sticky":false,"template":"","format":"standard","meta":{"_EventAllDay":false,"_EventTimezone":"","_EventStartDate":"","_EventEndDate":"","_EventStartDateUTC":"","_EventEndDateUTC":"","_EventShowMap":false,"_EventShowMapLink":false,"_EventURL":"","_EventCost":"","_EventCostDescription":"","_EventCurrencySymbol":"","_EventCurrencyCode":"","_EventCurrencyPosition":"","_EventDateTimeSeparator":"","_EventTimeRangeSeparator":"","_EventOrganizerID":[],"_EventVenueID":[],"_OrganizerEmail":"","_OrganizerPhone":"","_OrganizerWebsite":"","_VenueAddress":"","_VenueCity":"","_VenueCountry":"","_VenueProvince":"","_VenueState":"","_VenueZip":"","_VenuePhone":"","_VenueURL":"","_VenueStateProvince":"","_VenueLat":"","_VenueLng":"","_VenueShowMap":false,"_VenueShowMapLink":false,"footnotes":""},"categories":[20],"tags":[],"class_list":["post-3507","post","type-post","status-publish","format-standard","has-post-thumbnail","hentry","category-allgemeines"],"aioseo_notices":[],"_links":{"self":[{"href":"https:\/\/www.it-ps.at\/en\/wp-json\/wp\/v2\/posts\/3507","targetHints":{"allow":["GET"]}}],"collection":[{"href":"https:\/\/www.it-ps.at\/en\/wp-json\/wp\/v2\/posts"}],"about":[{"href":"https:\/\/www.it-ps.at\/en\/wp-json\/wp\/v2\/types\/post"}],"author":[{"embeddable":true,"href":"https:\/\/www.it-ps.at\/en\/wp-json\/wp\/v2\/users\/5"}],"replies":[{"embeddable":true,"href":"https:\/\/www.it-ps.at\/en\/wp-json\/wp\/v2\/comments?post=3507"}],"version-history":[{"count":1,"href":"https:\/\/www.it-ps.at\/en\/wp-json\/wp\/v2\/posts\/3507\/revisions"}],"predecessor-version":[{"id":10974,"href":"https:\/\/www.it-ps.at\/en\/wp-json\/wp\/v2\/posts\/3507\/revisions\/10974"}],"wp:featuredmedia":[{"embeddable":true,"href":"https:\/\/www.it-ps.at\/en\/wp-json\/wp\/v2\/media\/3270"}],"wp:attachment":[{"href":"https:\/\/www.it-ps.at\/en\/wp-json\/wp\/v2\/media?parent=3507"}],"wp:term":[{"taxonomy":"category","embeddable":true,"href":"https:\/\/www.it-ps.at\/en\/wp-json\/wp\/v2\/categories?post=3507"},{"taxonomy":"post_tag","embeddable":true,"href":"https:\/\/www.it-ps.at\/en\/wp-json\/wp\/v2\/tags?post=3507"}],"curies":[{"name":"wp","href":"https:\/\/api.w.org\/{rel}","templated":true}]}}