{"id":3516,"date":"2021-06-28T11:37:52","date_gmt":"2021-06-28T09:37:52","guid":{"rendered":"https:\/\/www.it-ps.at\/?p=3516"},"modified":"2024-10-16T11:10:17","modified_gmt":"2024-10-16T09:10:17","slug":"anja-dlauhy-qualifiziert-sich-fuer-u20-europameisterschaft-in-tallin","status":"publish","type":"post","link":"https:\/\/www.it-ps.at\/en\/anja-dlauhy-qualifiziert-sich-fuer-u20-europameisterschaft-in-tallin\/","title":{"rendered":"Anja Dlauhy qualifiziert sich f\u00fcr U20-Europameisterschaft in Tallin"},"content":{"rendered":"\n<p>Positiv denken und nicht aufgeben zahlt sich aus! Das hat Anja nach ihrer letzten Erfahrung bewiesen und hat sich im Rahmen der \u00f6sterreichischen Mehrkampf Meisterschaft U16\/U18 in Villach f\u00fcr die EM in Tallin qualifiziert!<\/p>\n\n\n\n<!--more-->\n\n\n\n<h2 class=\"has-col-16-abdd-color has-text-color wp-block-heading\">\u00d6LV erm\u00f6glicht die Chance f\u00fcr U20 EM Qualifikation in Tallin<\/h2>\n\n\n\n<p>Im Rahmen der \u00f6sterreichischen Mehrkampf Meisterschaften U16\/U18 in Villach erm\u00f6glichte der \u00d6LV aussichtsreichen Athletinnen und Athleten durch eine Teilnahme au\u00dfer Wertung die Chance noch die von European Atheltics geforderte Norm zu \u00fcberbieten. Bei den Damen nahmen drei Topsportlerinnen dieses Angebot an und mit der bereits qualifizierten Sophie Kreiner, die als Topfavoritin noch regul\u00e4r in der U18 Klasse an den Start ging, waren die Chancen auf einen hochklassigen Mehrkampf sehr gut. Durch das individuell hohe Niveau und die gemeinsame Jagd nach den f\u00fcr das Limit notwendigen Punkte entwickelte sich vom ersten Bewerb an ein \u00e4u\u00dferst knapper und spannender Wettkampf, der bei diesen hochsommerlichen Temperaturen nichts f\u00fcr schwache Nerven war.<\/p>\n\n\n\n<h2 class=\"has-col-16-abdd-color has-text-color wp-block-heading\">Sensationeller Wettbewerbsauftakt im 100m H\u00fcrdenlauf<\/h2>\n\n\n\n<p>Anja gl\u00fcckte ein \u00fcberw\u00e4ltigender Auftakt \u00fcber die 100m H\u00fcrden. Mit 14,30 Sekunden pulverisierte sie ihre bisherige Bestmarkte um \u00fcber drei Zehntel und konnte mit dieser Topzeit wertvolle Punkte anschreiben. Somit ging sie mit einem emotionalen Hoch in ihre starke zweite Disziplin, dem Hochsprung.<\/p>\n\n\n\n<div class=\"wp-block-image\"><figure class=\"aligncenter size-large\"><img loading=\"lazy\" decoding=\"async\" width=\"1024\" height=\"682\" src=\"https:\/\/www.it-ps.at\/wp-content\/uploads\/2021\/06\/IMG-20210620-WA0009-1024x682.jpg\" alt=\"\" class=\"wp-image-3521\" srcset=\"https:\/\/www.it-ps.at\/wp-content\/uploads\/2021\/06\/IMG-20210620-WA0009-1024x682.jpg 1024w, https:\/\/www.it-ps.at\/wp-content\/uploads\/2021\/06\/IMG-20210620-WA0009-300x200.jpg 300w, https:\/\/www.it-ps.at\/wp-content\/uploads\/2021\/06\/IMG-20210620-WA0009-768x511.jpg 768w, https:\/\/www.it-ps.at\/wp-content\/uploads\/2021\/06\/IMG-20210620-WA0009.jpg 1080w\" sizes=\"auto, (max-width: 1024px) 100vw, 1024px\" \/><figcaption>\u00a9 Martina Albel<\/figcaption><\/figure><\/div>\n\n\n\n<h2 class=\"has-col-16-abdd-color has-text-color wp-block-heading\">Kleine D\u00e4mpfer im Hochsprung und Kugelsto\u00df<\/h2>\n\n\n\n<p>Nach souver\u00e4nem Einstieg \u00fcber die niedrigen H\u00f6hen riss der Erfolgsfaden und sie stand bereits bei 1,63m knapp vor dem Aus. Mental stark \u00fcberquerte sie diese H\u00f6he doch noch im dritten Versuch, blieb aber im Endeffekt mit \u00fcbersprungenen 1,69m knapp hinter ihrer Marschtabelle zur\u00fcck. Ein kleiner D\u00e4mpfer im Hinblick auf die Gesamtpunkte, der sich auch im Kugelsto\u00df fortsetzen sollte.<\/p>\n\n\n\n<p>In der dritten Disziplin des Siebenkampfs, traditionell die schw\u00e4chste der jungen Traiskirchnerin, lief es auch nicht ganz nach Wunsch und mit 9,37m blieb sie im Bereich ihrer M\u00f6glichkeiten, aber doch rund 20cm hinter ihrem schon gezeigten Potenzial. F\u00fcr die Gesamtwertung bedeutete diese Leistung abermals einen R\u00fcckschlag, weil auch hier weniger Punkte erreicht wurden als im Vorfeld gedacht. Erste Zweifel am Erreichen der notwendigen Punkte kamen auf, aber ein Mehrkampf besteht bekanntlich aus sieben Disziplinen an zwei Tagen und die Abrechnung gibt es erst am Ende.<\/p>\n\n\n\n<h2 class=\"has-text-align-left has-col-16-abdd-color has-text-color wp-block-heading\">Neue pers\u00f6nliche Bestleistung im 200m Lauf<\/h2>\n\n\n\n<p>Motiviert durch das Betreuerteam und ihre Kolleginnen lief sie zum Abschluss des ersten Tages dann aber sensationelle 200m. Mit der Zeit von 25,42s verbesserte sie ihre bisherige Bestmarkte um fast eine halbe Sekunde und verbuchte damit wesentlich mehr Punkte als geplant. Somit standen am Ende des 1.Tages 3115 Punkte auf der Habenseite. Das waren \u00fcber 100 Punkte mehr als bei ihrem N\u00d6LV Rekord vor drei Wochen, und nur mehr 35 hinter der geplanten Marschtabelle. Es war also kein optimaler erster Tag aber die Chancen f\u00fcr die EM-Quali waren mit einem starken zweiten Wettkampftag noch intakt.<\/p>\n\n\n\n<div class=\"wp-block-image\"><figure class=\"aligncenter size-large\"><img decoding=\"async\" src=\"https:\/\/www.it-ps.at\/wp-content\/uploads\/2021\/06\/anja-lauf-1024x684.jpg\" alt=\"\" class=\"wp-image-3525\" \/><figcaption>\u00a9 Martina Albel<\/figcaption><\/figure><\/div>\n\n\n\n<h2 class=\"has-col-16-abdd-color has-text-color wp-block-heading\">Tag 1 mit \u00fcber 100 Punkten Steigerung zum N\u00d6LV Rekord absolviert<\/h2>\n\n\n\n<p>Motiviert durch das Betreuerteam und ihre Kolleginnen lief sie zum Abschluss des ersten Tages dann aber sensationelle 200m. Mit der Zeit von 25,42s verbesserte sie ihre bisherige Bestmarkte um fast eine halbe Sekunde und verbuchte damit wesentlich mehr Punkte als geplant. Somit standen am Ende des 1.Tages 3115 Punkte auf der Habenseite. Das waren \u00fcber 100 Punkte mehr als bei ihrem N\u00d6LV Rekord vor drei Wochen, und nur mehr 35 hinter der geplanten Marschtabelle. Es war also kein optimaler erster Tag aber die Chancen f\u00fcr die EM-Quali waren mit einem starken zweiten Wettkampftag noch intakt.<\/p>\n\n\n\n<h2 class=\"has-col-16-abdd-color has-text-color wp-block-heading\">Erfolgreicher Start mit Weitsprung am 2. Tag<\/h2>\n\n\n\n<p>Wesentlich bessere Chancen rechnete sich die Traiskirchnerin im Weitsprung aus. Doch leider \u00fcbertrat sie beim ersten, sehr guten, Versuch denkbar knapp. Ihre mentale St\u00e4rke bewies Anja dann gleich im zweiten Versuch, wo sie mit 5,50m eine neue pers\u00f6nliche Bestleitung erzielen und dadurch auch Boden in der Gesamtwertung gutmachen konnten.<\/p>\n\n\n\n<h2 class=\"has-col-16-abdd-color has-text-color wp-block-heading\">Ung\u00fcltiger Speerwurf motiviert Anja zu neuer pers\u00f6nlicher Bestleistung<\/h2>\n\n\n\n<p>In der vorletzten Disziplin, dem Speerwurf, gab es zuletzt durchwachsene Leistungen, doch das Abschlusstraining lie\u00df auf eine Steigerung hoffen. Bereits der erste Versuch klappe sehr gut. Der Speer flog deutlich \u00fcber die 35m Marke, doch die Kampfrichterin entschied denn Wurf f\u00fcr ung\u00fcltig, weil der Speer nicht korrekt aufgeschlagen war. Eine Entscheidung, die f\u00fcr niemand vor Ort nachvollziehbar war und die \u00d6LSZ-Athletin vollkommen aus dem Rhythmus brachte. Mit knapp unter 30m im zweiten Anlauf war sie nicht nur weit weg von ihrem Leistungsverm\u00f6gen, sondern auch punktem\u00e4\u00dfig w\u00e4re diese Weite nicht ann\u00e4hernd in dem Bereich, der f\u00fcr die Gesamtwertung notwendig gewesen w\u00e4re. Doch jetzt zeigte Anja einen wahren emotionalen Kraftakt und bewies abermals enorme mentale St\u00e4rke. Im alles entscheidenden dritten Versuch schleuderte sie den Speer auf eine neue pers\u00f6nliche Bestmarke von 37,23m. \u00dcber zwei Meter weiter als je zuvor und genau die Weite, die f\u00fcr die notwendigen Punkte sorgte, damit im finalen 800m Lauf noch die Chance auf die EM-Teilnahme blieb.<\/p>\n\n\n\n<h2 class=\"has-col-16-abdd-color has-text-color wp-block-heading\">Vereinskolleginnen unterst\u00fctzen beim 800m-Laufsieg<\/h2>\n\n\n\n<p>Jetzt wurde kurz gerechnet und diese Kalkulation ergab, dass der 800er in 2:24,5 gelaufen werden mussten. Bei der bisherige Bestmarke von 2:25,73 nicht unm\u00f6glich, aber angesichts der hei\u00dfen Temperaturen und am Ende eines mehr als fordernden Wettkampfs auch keine leichte Aufgabe. Zwei Vereinskolleginnen erkl\u00e4rten sich bereit, ihr pers\u00f6nliches Rennen hintanzustellen und in der ersten Stadionrunde die Tempoarbeit zu \u00fcbernehmen. Dlauhy hielt sich genau an die geplante Tempotabelle, erh\u00f6hte nach der ersten Runde das Tempo und konnte sich mit 2:22,55s den Laufsieg und die letzten fehlenden Punkte f\u00fcr die EM-Norm sichern.<\/p>\n\n\n\n<div class=\"wp-block-image\"><figure class=\"aligncenter size-large\"><img decoding=\"async\" src=\"https:\/\/www.it-ps.at\/wp-content\/uploads\/2021\/06\/anja-freundin-1024x684.jpg\" alt=\"\" class=\"wp-image-3523\" \/><figcaption>\u00a9 Martina Albel <\/figcaption><\/figure><\/div>\n\n\n\n<h2 class=\"has-col-16-abdd-color has-text-color wp-block-heading\">Mit 5.277 Punkten neuer N\u00d6LV-U20-Rekord und Qualifikation f\u00fcr EM erreicht<\/h2>\n\n\n\n<p>Am Ende stand mit 5277 Punkten ein neuer N\u00d6LV-U20 Rekord in der Ergebnisliste und das gro\u00dfe Ziel der jungen Athletin \u2013 die Qualifikation f\u00fcr die U20 Europameisterschaft in Tallinn war Realit\u00e4t geworden.<\/p>\n\n\n\n\n\n<p>Wir finden deine Leistung fantastisch und gratulieren dir aus vollem Herzen zu deinem verdienten Erfolg und w\u00fcnschen dir Alles Gute f\u00fcr die EM!<\/p>\n","protected":false},"excerpt":{"rendered":"<p>Positiv denken und nicht aufgeben zahlt sich aus! Das hat Anja nach ihrer letzten Erfahrung bewiesen und hat sich im Rahmen der \u00f6sterreichischen Mehrkampf Meisterschaft U16\/U18 in Villach f\u00fcr die [&hellip;]<\/p>\n","protected":false},"author":5,"featured_media":3528,"comment_status":"closed","ping_status":"closed","sticky":false,"template":"","format":"standard","meta":{"_EventAllDay":false,"_EventTimezone":"","_EventStartDate":"","_EventEndDate":"","_EventStartDateUTC":"","_EventEndDateUTC":"","_EventShowMap":false,"_EventShowMapLink":false,"_EventURL":"","_EventCost":"","_EventCostDescription":"","_EventCurrencySymbol":"","_EventCurrencyCode":"","_EventCurrencyPosition":"","_EventDateTimeSeparator":"","_EventTimeRangeSeparator":"","_EventOrganizerID":[],"_EventVenueID":[],"_OrganizerEmail":"","_OrganizerPhone":"","_OrganizerWebsite":"","_VenueAddress":"","_VenueCity":"","_VenueCountry":"","_VenueProvince":"","_VenueState":"","_VenueZip":"","_VenuePhone":"","_VenueURL":"","_VenueStateProvince":"","_VenueLat":"","_VenueLng":"","_VenueShowMap":false,"_VenueShowMapLink":false,"footnotes":""},"categories":[20],"tags":[],"class_list":["post-3516","post","type-post","status-publish","format-standard","has-post-thumbnail","hentry","category-allgemeines"],"aioseo_notices":[],"_links":{"self":[{"href":"https:\/\/www.it-ps.at\/en\/wp-json\/wp\/v2\/posts\/3516","targetHints":{"allow":["GET"]}}],"collection":[{"href":"https:\/\/www.it-ps.at\/en\/wp-json\/wp\/v2\/posts"}],"about":[{"href":"https:\/\/www.it-ps.at\/en\/wp-json\/wp\/v2\/types\/post"}],"author":[{"embeddable":true,"href":"https:\/\/www.it-ps.at\/en\/wp-json\/wp\/v2\/users\/5"}],"replies":[{"embeddable":true,"href":"https:\/\/www.it-ps.at\/en\/wp-json\/wp\/v2\/comments?post=3516"}],"version-history":[{"count":1,"href":"https:\/\/www.it-ps.at\/en\/wp-json\/wp\/v2\/posts\/3516\/revisions"}],"predecessor-version":[{"id":10973,"href":"https:\/\/www.it-ps.at\/en\/wp-json\/wp\/v2\/posts\/3516\/revisions\/10973"}],"wp:featuredmedia":[{"embeddable":true,"href":"https:\/\/www.it-ps.at\/en\/wp-json\/wp\/v2\/media\/3528"}],"wp:attachment":[{"href":"https:\/\/www.it-ps.at\/en\/wp-json\/wp\/v2\/media?parent=3516"}],"wp:term":[{"taxonomy":"category","embeddable":true,"href":"https:\/\/www.it-ps.at\/en\/wp-json\/wp\/v2\/categories?post=3516"},{"taxonomy":"post_tag","embeddable":true,"href":"https:\/\/www.it-ps.at\/en\/wp-json\/wp\/v2\/tags?post=3516"}],"curies":[{"name":"wp","href":"https:\/\/api.w.org\/{rel}","templated":true}]}}