{"id":3549,"date":"2021-07-14T16:08:37","date_gmt":"2021-07-14T14:08:37","guid":{"rendered":"https:\/\/www.it-ps.at\/?p=3549"},"modified":"2024-10-16T11:08:24","modified_gmt":"2024-10-16T09:08:24","slug":"erfahrungsbericht-von-ferialpraktikanten-in-der-it-ps","status":"publish","type":"post","link":"https:\/\/www.it-ps.at\/en\/erfahrungsbericht-von-ferialpraktikanten-in-der-it-ps\/","title":{"rendered":"Erfahrungsbericht von Ferialpraktikanten in der IT-PS"},"content":{"rendered":"\n<p>Wie es den aktuellen Ferialpraktikanten in der IT-Power Services geht, lesen Sie hier<\/p>\n\n\n\n<!--more-->\n\n\n\n<h2 class=\"has-col-16-abdd-color has-text-color wp-block-heading\">Welche Firma ist die richtige f\u00fcr mich?<\/h2>\n\n\n\n<p>Bei der Wahl eines Praktikumsplatzes sollte man sich vorher \u00fcberlegen was man von der Zeit erwartet. Passe ich eher in ein Kleinunternehmen oder einen Gro\u00dfkonzern?<\/p>\n\n\n\n<p>Wer vielseitige Aufgaben und kurze Kommunikationswege liebt, wird eher mit einem Klein- oder Mittelbetrieb gut beraten sein. Die Chance einen Prozess vom Anfang bis zum Ende miterleben zu k\u00f6nnen ist hier wahrscheinlicher. Kleine Teams und kurze Kommunikationswege erleichtern den Alltag ungemein.<\/p>\n\n\n\n<p>Wer sich eher in einem Gro\u00dfkonzern sieht, muss sich dessen klar sein, dass man vermutlich nur einen Teilbereich des Unternehmens kennenlernt. Alle Abteilungen durchzulaufen ist in dieser kurzen Zeit fast unm\u00f6glich. Prozesse laufen oft durch mehrere Abteilungen und k\u00f6nnen nicht pers\u00f6nlich verfolgt werden. Daf\u00fcr sind Konzerne eher krisensicher, was in Zeiten von Corona nicht zu untersch\u00e4tzen ist.<\/p>\n\n\n\n<p>Wir, Florian, Fabio und Benjamin, sind die drei aktuellen Ferialpraktikanten bei der IT-PS und hatten heute einen Tag zum Thema \u201eSocial Media\u201c. Dabei wurden wir aufgefordert einen Blogbeitrag zum Thema \u201eFerialpraxis\u201c zu schreiben, den wir hiermit ver\u00f6ffentlichen.<\/p>\n\n\n\n<div class=\"wp-block-image\"><figure class=\"aligncenter size-large\"><img loading=\"lazy\" decoding=\"async\" width=\"960\" height=\"697\" src=\"https:\/\/www.it-ps.at\/wp-content\/uploads\/2021\/07\/praktikum-blog-bild1.png\" alt=\"\" class=\"wp-image-3553\" srcset=\"https:\/\/www.it-ps.at\/wp-content\/uploads\/2021\/07\/praktikum-blog-bild1.png 960w, https:\/\/www.it-ps.at\/wp-content\/uploads\/2021\/07\/praktikum-blog-bild1-300x218.png 300w, https:\/\/www.it-ps.at\/wp-content\/uploads\/2021\/07\/praktikum-blog-bild1-768x558.png 768w\" sizes=\"auto, (max-width: 960px) 100vw, 960px\" \/><figcaption>pixabay.com<\/figcaption><\/figure><\/div>\n\n\n\n<h2 class=\"has-text-align-left has-col-16-abdd-color has-text-color wp-block-heading\">Hilfreiche Informationen und Arbeitseinblicke f\u00fcr den sp\u00e4teren Beruf<\/h2>\n\n\n\n<p>Seit wir hier sind stellen uns t\u00e4glich verschiedene Mitarbeiter ihre T\u00e4tigkeiten vor und sind f\u00fcr s\u00e4mtliche Fragen unsererseits offen. Alle sind gut vorbereitet und man ist gr\u00f6\u00dftenteils immer besch\u00e4ftigt, sodass einem nie langweilig wird. Ein Beispiel ist, dass wir die Laptops die wir f\u00fcr das Praktikum zur Verf\u00fcgung gestellt bekommen haben, alleine mit Unterst\u00fctzung eines Kollegen aufsetzen mussten. Das vielf\u00e4ltige Gesch\u00e4ftsgebiet des Unternehmens wird klar verst\u00e4ndlich und ausf\u00fchrlich erkl\u00e4rt.<br>Das gibt uns einen guten Einblick in das t\u00e4gliche Gesch\u00e4ftsleben der IT-Branche. Auch die praktische Seite kommt nicht zu kurz: demn\u00e4chst haben wir die M\u00f6glichkeit bei dem Aufbau eines Kundensystems durch die IT-PS dabei zu sein.<\/p>\n\n\n\n<p>Weiterf\u00fchrend k\u00f6nnen wir uns sehr gut vorstellen eines Tages in diesem Bereich zu arbeiten, da wir bereits mit ihm vertraut sind. Weil die IT-PS eine eher kleine Firma ist bekommt man auch mehr Einblicke als bei gr\u00f6\u00dferen Firmen, was uns sehr zugute kommt.<\/p>\n\n\n\n<h2 class=\"has-col-16-abdd-color has-text-color wp-block-heading\">Modernes B\u00fcro in guter Lage<\/h2>\n\n\n\n<p>Die IT-PS sitzt in einem B\u00fcrogeb\u00e4ude beim Gasometer in Wien, das zentral erreichbar ist, und im dritten Stock eine angenehme Arbeitsatmosph\u00e4re bietet. Das B\u00fcro ist modern und offen gestaltet. Es bietet neben einem Gro\u00dfraumb\u00fcro mit ger\u00e4umigen Arbeitspl\u00e4tzen einige mit gro\u00dfen Smartboards ausgestattete Meetingr\u00e4ume. Dazu gibt es einen Aufenthaltsraum mit K\u00fcchenecke, in der nicht nur Kaffee zubereitet werden kann, sondern auch eigene Speisen gew\u00e4rmt werden k\u00f6nnen.<\/p>\n\n\n\n<p>Innerhalb von f\u00fcnf Minuten ist nicht nur eine gro\u00dfe Auswahl an Gesch\u00e4ften und Gastronomie zu erreichen. Auch die U-Bahn, mit der man schnell und unkompliziert in andere Stadtteile oder zu wichtigen Bahnh\u00f6fen kommt, ist in wenigen Minuten zu Fu\u00df erreichbar. Dadurch ist es auch ohne gr\u00f6\u00dfere Probleme m\u00f6glich von weiter entfernten St\u00e4dten einfach zum Unternehmen zu pendeln. Die flexiblen Arbeitszeiten erleichtern dies zus\u00e4tzlich, da diese so an die Fahrpl\u00e4ne anpassbar sind.<\/p>\n\n\n\n<div class=\"wp-block-image\"><figure class=\"aligncenter size-large\"><img loading=\"lazy\" decoding=\"async\" width=\"1024\" height=\"512\" src=\"https:\/\/www.it-ps.at\/wp-content\/uploads\/2021\/07\/praktikum-blog-grafik-1024x512.png\" alt=\"\" class=\"wp-image-3555\" srcset=\"https:\/\/www.it-ps.at\/wp-content\/uploads\/2021\/07\/praktikum-blog-grafik-1024x512.png 1024w, https:\/\/www.it-ps.at\/wp-content\/uploads\/2021\/07\/praktikum-blog-grafik-300x150.png 300w, https:\/\/www.it-ps.at\/wp-content\/uploads\/2021\/07\/praktikum-blog-grafik-768x384.png 768w, https:\/\/www.it-ps.at\/wp-content\/uploads\/2021\/07\/praktikum-blog-grafik.png 1100w\" sizes=\"auto, (max-width: 1024px) 100vw, 1024px\" \/><\/figure><\/div>\n\n\n\n<p>Wir sind sehr froh bei der Firma IT-PS gelandet zu sein und freuen uns jetzt schon auf weitere interessante Gespr\u00e4che, neue Leute, andere Blickwinkel und zus\u00e4tzliche Erfahrungen.<\/p>\n\n\n\n<hr class=\"wp-block-separator\" \/>\n","protected":false},"excerpt":{"rendered":"<p>Wie es den aktuellen Ferialpraktikanten in der IT-Power Services geht, lesen Sie hier<\/p>\n","protected":false},"author":5,"featured_media":3551,"comment_status":"closed","ping_status":"closed","sticky":false,"template":"","format":"standard","meta":{"_EventAllDay":false,"_EventTimezone":"","_EventStartDate":"","_EventEndDate":"","_EventStartDateUTC":"","_EventEndDateUTC":"","_EventShowMap":false,"_EventShowMapLink":false,"_EventURL":"","_EventCost":"","_EventCostDescription":"","_EventCurrencySymbol":"","_EventCurrencyCode":"","_EventCurrencyPosition":"","_EventDateTimeSeparator":"","_EventTimeRangeSeparator":"","_EventOrganizerID":[],"_EventVenueID":[],"_OrganizerEmail":"","_OrganizerPhone":"","_OrganizerWebsite":"","_VenueAddress":"","_VenueCity":"","_VenueCountry":"","_VenueProvince":"","_VenueState":"","_VenueZip":"","_VenuePhone":"","_VenueURL":"","_VenueStateProvince":"","_VenueLat":"","_VenueLng":"","_VenueShowMap":false,"_VenueShowMapLink":false,"footnotes":""},"categories":[20],"tags":[],"class_list":["post-3549","post","type-post","status-publish","format-standard","has-post-thumbnail","hentry","category-allgemeines"],"aioseo_notices":[],"_links":{"self":[{"href":"https:\/\/www.it-ps.at\/en\/wp-json\/wp\/v2\/posts\/3549","targetHints":{"allow":["GET"]}}],"collection":[{"href":"https:\/\/www.it-ps.at\/en\/wp-json\/wp\/v2\/posts"}],"about":[{"href":"https:\/\/www.it-ps.at\/en\/wp-json\/wp\/v2\/types\/post"}],"author":[{"embeddable":true,"href":"https:\/\/www.it-ps.at\/en\/wp-json\/wp\/v2\/users\/5"}],"replies":[{"embeddable":true,"href":"https:\/\/www.it-ps.at\/en\/wp-json\/wp\/v2\/comments?post=3549"}],"version-history":[{"count":1,"href":"https:\/\/www.it-ps.at\/en\/wp-json\/wp\/v2\/posts\/3549\/revisions"}],"predecessor-version":[{"id":10972,"href":"https:\/\/www.it-ps.at\/en\/wp-json\/wp\/v2\/posts\/3549\/revisions\/10972"}],"wp:featuredmedia":[{"embeddable":true,"href":"https:\/\/www.it-ps.at\/en\/wp-json\/wp\/v2\/media\/3551"}],"wp:attachment":[{"href":"https:\/\/www.it-ps.at\/en\/wp-json\/wp\/v2\/media?parent=3549"}],"wp:term":[{"taxonomy":"category","embeddable":true,"href":"https:\/\/www.it-ps.at\/en\/wp-json\/wp\/v2\/categories?post=3549"},{"taxonomy":"post_tag","embeddable":true,"href":"https:\/\/www.it-ps.at\/en\/wp-json\/wp\/v2\/tags?post=3549"}],"curies":[{"name":"wp","href":"https:\/\/api.w.org\/{rel}","templated":true}]}}