{"id":5414,"date":"2022-07-12T21:25:18","date_gmt":"2022-07-12T19:25:18","guid":{"rendered":"https:\/\/www.it-ps.at\/?p=5414"},"modified":"2024-10-16T11:10:34","modified_gmt":"2024-10-16T09:10:34","slug":"it-ps-fordert-junge-sportlerin-und-freut-sich-uber-wm-qualifikation-in-kolumbien","status":"publish","type":"post","link":"https:\/\/www.it-ps.at\/en\/it-ps-fordert-junge-sportlerin-und-freut-sich-uber-wm-qualifikation-in-kolumbien\/","title":{"rendered":"IT-PS f\u00f6rdert junge Sportlerin und freut sich \u00fcber WM Qualifikation in Kolumbien"},"content":{"rendered":"\n<p><strong>Anja Dlauhy, unser 19j\u00e4hriges Leichtathletin Nachwuchstalent, hat sich einen Traum erf\u00fcllt: Sie hat sich f\u00fcr die U20 WM in Kolumbien qualifiziert. Aber der Weg war nicht einfach. Lesen Sie hier, wie hart der Kampf einer jungen Sportlerin auf dem Weg zum Erfolg ist:<\/strong><\/p>\n\n\n\n<!--more-->\n\n\n\n<h2 class=\"has-col-16-abdd-color has-text-color wp-block-heading\">Die Pl\u00e4ne f\u00fcr die neue Freiluftsaison 2022 sind gross<\/h2>\n\n\n\n<p>Nach dem 24. Platz bei der U20 EM in Tallin 2021 lockt heuer vom 1.-6. August die <strong>U20 WM in Kolumbien<\/strong>. Doch f\u00fcr die Qualifikation muss noch ein Limit von 5.300 Punkten erreicht werden. Durchaus realistisch, da Anjas Bestleistung im Vorjahr 5.277 Punkte waren und somit nur 23 Z\u00e4hler fehlen. Mit entsprechender Motivation startete die junge Ausnahmesportlerin in die laufende Freiluftsaison 2022.<\/p>\n\n\n\n<h2 class=\"has-col-16-abdd-color has-text-color wp-block-heading\">Mitte Mai: Au\u00dfer-Wertung-Start<\/h2>\n\n\n\n<p>Der Einstieg in die Freiluftsaison erfolgte Mitte Mai mit einem Au\u00dfer-Wertung-Start bei den ober\u00f6sterreichischen Mehrkampf-Landesmeisterschaften. Obwohl die 5300 Punkte zu so einem fr\u00fchen Zeitpunkt in der Saison noch relativ unrealistisch erschienen, wurde es am Ende richtig knapp. Trotz Bestleistungen im Kugelsto\u00df (9,72m), Weitsprung (5,77m) und dem abschlie\u00dfenden 800m-Lauf (2:16,84min) blieb das Punktekonto bei 5273 Punkten stehen und es fehlten im Endeffekt nur 27 Punkte auf das WM-Limit (das sind umgerechnet etwa 2sec im 800m Lauf oder 3cm beim Hochsprung oder 10cm beim Weitsprung,\u2026).<\/p>\n\n\n\n<h2 class=\"has-col-16-abdd-color has-text-color wp-block-heading\">26. Mai: Liese-Prokop-Memorial in St. P\u00f6lten<\/h2>\n\n\n\n<p>Fast zwei Wochen sp\u00e4ter stand das Liese-Prokop-Memorial, eines von sieben internationalen Austrian-Top-Meetings auf dem Programm. Anja startete, zur Vorbereitung auf den n\u00e4chsten Mehrkampf, \u00fcber die 100m H\u00fcrden. In einem international stark besetzten H\u00fcrdenlauf und bei guten R\u00fcckenwindbedingungen gelang ihr ein super Rennen. In einer Zeit von 14,17 Sekunden blieb Anja drei Hundertstel unter dem U20 WM-Limit in dieser Disziplin.<\/p>\n\n\n\n<h2 class=\"has-col-16-abdd-color has-text-color wp-block-heading\">4.\/5. Juni: Internationales Mehrkampfmeeting in Arona (Teneriffa)<\/h2>\n\n\n\n<p>Mit Selbstvertrauen vom erbrachten H\u00fcrden-Limit reiste die ambitionierte Sportlerin zum internationalen Mehrkampfmeeting in Arona (Teneriffa). Trotz der Nervosit\u00e4t startete Anja mit einer guten H\u00fcrdenzeit (14,32sec) und einer Saisonbestleistung von 1,73m im Hochsprung in den Siebenkampf. Nach einer etwa 6-st\u00fcndigen Pause (ist leider typisch f\u00fcr internationale Wettk\u00e4mpfe) fand die Nieder\u00f6sterreicherin in der Evening-Session nicht mehr richtig in den Bewerb und verlor beim Kugelsto\u00df und 200m-Lauf wichtige Punkte. Mit einem guten 2. Tag war jedoch noch alles m\u00f6glich. Dieser begann leider nicht nach Wunsch \u2013 nur 5,68m kamen beim Weitsprung in die Wertung.&nbsp; Daf\u00fcr gelang der Speerwurf erstmals in der Saison wieder gut \u2013 das 600g-schwere Wurfger\u00e4t flog \u00fcber 34m. Im 800m-Lauf, vor dem wieder eine mehrst\u00fcndige Pause abzuwarten war, w\u00e4re eine Zeit von 2:17min notwendig gewesen \u2013 mit den, von den langen Pausen und dem oftmaligen Aufw\u00e4rmen, m\u00fcden Beinen ein schwieriges Unterfangen. Obwohl die junge Frau alles gegeben hatte, reichte es nicht ganz und die Uhr blieb erst nach 2:20min stehen. Das bedeutete das abermalige Verpassen des WM-Limits um wenige Punkte \u2013 diesmal fehlten mit 5260 Punkten 40 Z\u00e4hler. <\/p>\n\n\n\n<p>Trotz Entt\u00e4uschung verliert Anja nicht ihren Mut und die positiven Eindr\u00fccke und wertvollen Erfahrungen \u00fcberwiegen im Nachhinein gesehen bei diesem erst 2. internationalen Auftritt.<\/p>\n\n\n\n<figure class=\"wp-block-image size-large\"><img loading=\"lazy\" decoding=\"async\" width=\"1024\" height=\"682\" src=\"https:\/\/www.it-ps.at\/wp-content\/uploads\/2022\/07\/anja-konzentriert-1024x682.jpg\" alt=\"Anja Dlauhy Leichtathletiksportlerin U20 WM Qualifikation Kolumbien\" class=\"wp-image-5428\" srcset=\"https:\/\/www.it-ps.at\/wp-content\/uploads\/2022\/07\/anja-konzentriert-1024x682.jpg 1024w, https:\/\/www.it-ps.at\/wp-content\/uploads\/2022\/07\/anja-konzentriert-300x200.jpg 300w, https:\/\/www.it-ps.at\/wp-content\/uploads\/2022\/07\/anja-konzentriert-768x512.jpg 768w, https:\/\/www.it-ps.at\/wp-content\/uploads\/2022\/07\/anja-konzentriert.jpg 1064w\" sizes=\"auto, (max-width: 1024px) 100vw, 1024px\" \/><figcaption>\u00a9 \u00d6LV \/ Alfred Nevsimal | Anja Dlauhy<\/figcaption><\/figure>\n\n\n\n<h2 class=\"has-col-16-abdd-color has-text-color wp-block-heading\">11.\/12. Juni: U23 \u00d6sterreichische Meisterschaften in Reutte<\/h2>\n\n\n\n<p>Eine Woche sp\u00e4ter standen die U23 \u00d6sterreichischen Meisterschaften in Reutte am Plan. Anja bestritt einige Disziplinen (100m H\u00fcrden, Hochsprung, Weitsprung) als \u201eGeneralprobe\u201c f\u00fcr die kommende Woche, wo sie ihre 3. (und letzte) Chance auf das Mehrkampf-Limit unbedingt nutzen wollte. Ein besonders erfreuliches Ergebnis erzielte die Sportlerin des ULC Riverside M\u00f6dling im Hochsprung. Da sie als einzige Athletin 1,72m \u00fcberspringen konnte, durfte sie sich \u00fcber ihren ersten Einzeltitel bei \u00f6sterreichischen Nachwuchsmeisterschaften in dieser Altersklasse freuen. Auch die traditionelle abschlie\u00dfende 4x100m Staffel sorgte f\u00fcr ein weiteres Edelmetall. Gemeinsam mit ihren Vereinskolleginnen vom ULC Riverside M\u00f6dling gewann Anja in einem spannenden Rennen, bei dem sie am Ende nur um 2 Hundertstel die Nase vorne haben sollten, die zweite Goldmedaille an diesem Wochenende.<\/p>\n\n\n\n<figure class=\"wp-block-image size-large is-resized\"><img loading=\"lazy\" decoding=\"async\" src=\"https:\/\/www.it-ps.at\/wp-content\/uploads\/2022\/07\/anja-laufen-1024x682.jpg\" alt=\" Anja Dlauhy Leichtathletiksportlerin U20 WM Qualifikation Kolumbien\" class=\"wp-image-5432\" width=\"1024\" height=\"682\" srcset=\"https:\/\/www.it-ps.at\/wp-content\/uploads\/2022\/07\/anja-laufen-1024x682.jpg 1024w, https:\/\/www.it-ps.at\/wp-content\/uploads\/2022\/07\/anja-laufen-300x200.jpg 300w, https:\/\/www.it-ps.at\/wp-content\/uploads\/2022\/07\/anja-laufen-768x512.jpg 768w, https:\/\/www.it-ps.at\/wp-content\/uploads\/2022\/07\/anja-laufen.jpg 1064w\" sizes=\"auto, (max-width: 1024px) 100vw, 1024px\" \/><figcaption>\u00a9 \u00d6LV \/ Alfred Nevsimal | Anja Dlauhy<\/figcaption><\/figure>\n\n\n\n<h2 class=\"has-col-16-abdd-color has-text-color wp-block-heading\">18.\/19. Juni: \u00d6sterreichische Mehrkampf-Meisterschaft der Altersklasse U16 und U18 in Eisenstadt<\/h2>\n\n\n\n<p>Es blieb kaum Zeit sich auf den Lorbeeren auszuruhen, denn am Wochenende warteten schon die \u00f6sterreichische Mehrkampf-Meisterschaft der Altersklassen U16 und U18, bei denen der \u00d6LV (\u00d6sterreichische Leichtathletik Verband) Anja durch einen Start au\u00dfer Wertung erm\u00f6glichte, ein letztes Mal die erforderliche Punkteanzahl f\u00fcr die U20-WM im Siebenkampf anzugreifen.<\/p>\n\n\n\n<p>Die Bedingungen f\u00fcr den Mehrkampf waren alles andere als optimal \u2013 hohe Temperaturen und starker Wind in Eisenstadt erschwerten das Vorhaben U20 WM-Limit. Allerdings versuchte auch eine Athletin aus Ober\u00f6sterreich die geforderte Norm von 5300 Punkten zu \u00fcbertreffen und die beiden M\u00e4dchen spornten sich gegenseitig zu guten Leistungen an.<\/p>\n\n\n\n<p>Bei starken 2,1m\/s Gegenwind gelang Anja der H\u00fcrdenlauf in sehr guten 14,42sec. Es folgte ein erwartet guter Hochsprung mit 1,72m und auch die Kugel flog auf eine neue PB von 9,75m. Im letzten Bewerb des ersten Tages setzte sie ein weiteres starkes Ausrufezeichen: bei 1,5m\/s Gegenwind sprintete die junge Sportlerin die 200m in 25,25sec und konnte mit dieser neuen pers\u00f6nlichen Bestleistung viele wertvolle Punkte in der Mehrkampfwertung gutschreiben. Somit ging es mit dem besten Zwischenresultat ihrer Karriere bisher in die Pause.<\/p>\n\n\n\n<p>Der zweite Wettkampftag begann bei noch st\u00e4rkerem Wind mit dem Weitsprung. Diesmal war er auf der Seite der Athletinnen und blies in den R\u00fccken. Der erste Versuch war jedoch ung\u00fcltig, weil Anja durch den Schub knapp \u00fcbertrat. Allerdings zeigte sie Nerven und sprang im zweiten Versuch auf bisher nie dagewesene 5,81m. Im dritten und letzten Versuch erfolgte nochmals eine Steigerung: 5,90m bei einem, f\u00fcr den Mehrkampf gerade noch g\u00fcltigen R\u00fcckenwind war mit Abstand der weiteste Sprung an diesem Tag.<\/p>\n\n\n\n<figure class=\"wp-block-gallery has-nested-images columns-default is-cropped wp-block-gallery-1 is-layout-flex wp-block-gallery-is-layout-flex\">\n<figure class=\"wp-block-image size-large\"><img loading=\"lazy\" decoding=\"async\" width=\"1064\" height=\"709\" data-id=\"5425\" src=\"https:\/\/www.it-ps.at\/wp-content\/uploads\/2022\/07\/anja-hochsprung.jpg\" alt=\"Anja Dlauhy Leichtathletiksportlerin U20 WM Qualifikation Kolumbien\" class=\"wp-image-5425\" srcset=\"https:\/\/www.it-ps.at\/wp-content\/uploads\/2022\/07\/anja-hochsprung.jpg 1064w, https:\/\/www.it-ps.at\/wp-content\/uploads\/2022\/07\/anja-hochsprung-300x200.jpg 300w, https:\/\/www.it-ps.at\/wp-content\/uploads\/2022\/07\/anja-hochsprung-1024x682.jpg 1024w, https:\/\/www.it-ps.at\/wp-content\/uploads\/2022\/07\/anja-hochsprung-768x512.jpg 768w\" sizes=\"auto, (max-width: 1064px) 100vw, 1064px\" \/><\/figure>\n\n\n\n<figure class=\"wp-block-image size-large\"><img loading=\"lazy\" decoding=\"async\" width=\"1064\" height=\"709\" data-id=\"5443\" src=\"https:\/\/www.it-ps.at\/wp-content\/uploads\/2022\/07\/anja-weitsprung-2.jpg\" alt=\"\" class=\"wp-image-5443\" srcset=\"https:\/\/www.it-ps.at\/wp-content\/uploads\/2022\/07\/anja-weitsprung-2.jpg 1064w, https:\/\/www.it-ps.at\/wp-content\/uploads\/2022\/07\/anja-weitsprung-2-300x200.jpg 300w, https:\/\/www.it-ps.at\/wp-content\/uploads\/2022\/07\/anja-weitsprung-2-1024x682.jpg 1024w, https:\/\/www.it-ps.at\/wp-content\/uploads\/2022\/07\/anja-weitsprung-2-768x512.jpg 768w\" sizes=\"auto, (max-width: 1064px) 100vw, 1064px\" \/><\/figure>\n\n\n\n<figure class=\"wp-block-image size-large\"><img loading=\"lazy\" decoding=\"async\" width=\"1064\" height=\"709\" data-id=\"5439\" src=\"https:\/\/www.it-ps.at\/wp-content\/uploads\/2022\/07\/anja-weitsprung.jpg\" alt=\"\" class=\"wp-image-5439\" srcset=\"https:\/\/www.it-ps.at\/wp-content\/uploads\/2022\/07\/anja-weitsprung.jpg 1064w, https:\/\/www.it-ps.at\/wp-content\/uploads\/2022\/07\/anja-weitsprung-300x200.jpg 300w, https:\/\/www.it-ps.at\/wp-content\/uploads\/2022\/07\/anja-weitsprung-1024x682.jpg 1024w, https:\/\/www.it-ps.at\/wp-content\/uploads\/2022\/07\/anja-weitsprung-768x512.jpg 768w\" sizes=\"auto, (max-width: 1064px) 100vw, 1064px\" \/><\/figure>\n\n\n\n<figure class=\"wp-block-image size-large\"><img loading=\"lazy\" decoding=\"async\" width=\"1064\" height=\"709\" data-id=\"5434\" src=\"https:\/\/www.it-ps.at\/wp-content\/uploads\/2022\/07\/anja-speerwurf.jpg\" alt=\"\" class=\"wp-image-5434\" srcset=\"https:\/\/www.it-ps.at\/wp-content\/uploads\/2022\/07\/anja-speerwurf.jpg 1064w, https:\/\/www.it-ps.at\/wp-content\/uploads\/2022\/07\/anja-speerwurf-300x200.jpg 300w, https:\/\/www.it-ps.at\/wp-content\/uploads\/2022\/07\/anja-speerwurf-1024x682.jpg 1024w, https:\/\/www.it-ps.at\/wp-content\/uploads\/2022\/07\/anja-speerwurf-768x512.jpg 768w\" sizes=\"auto, (max-width: 1064px) 100vw, 1064px\" \/><\/figure>\n\n\n\n<figure class=\"wp-block-image size-large\"><img loading=\"lazy\" decoding=\"async\" width=\"1064\" height=\"709\" data-id=\"5430\" src=\"https:\/\/www.it-ps.at\/wp-content\/uploads\/2022\/07\/anja-kugelstossen.jpg\" alt=\"\" class=\"wp-image-5430\" srcset=\"https:\/\/www.it-ps.at\/wp-content\/uploads\/2022\/07\/anja-kugelstossen.jpg 1064w, https:\/\/www.it-ps.at\/wp-content\/uploads\/2022\/07\/anja-kugelstossen-300x200.jpg 300w, https:\/\/www.it-ps.at\/wp-content\/uploads\/2022\/07\/anja-kugelstossen-1024x682.jpg 1024w, https:\/\/www.it-ps.at\/wp-content\/uploads\/2022\/07\/anja-kugelstossen-768x512.jpg 768w\" sizes=\"auto, (max-width: 1064px) 100vw, 1064px\" \/><\/figure>\n<figcaption class=\"blocks-gallery-caption\">\u00a9 \u00d6LV \/ Alfred Nevsimal | Anja Dlauhy bei der erfolgreichen U20 WM Qualifikation in Eisenstadt<\/figcaption><\/figure>\n\n\n\n<p>Somit sprachen alle nur mehr vom erfolgreichen Limitversuch, aber der Mehrkampf besteht eben aus sieben Disziplinen und der Speerwurf war zuletzt ein wenig eine \u201eWundert\u00fcte\u201c. Und die Ausnahmesportlerin tat sich richtig schwer: Erster Versuch ung\u00fcltig, der zweite Versuch mit ein wenig Sicherheit auf 30,61m und im dritten Versuch leider noch ein Ung\u00fcltiger. Damit wurde es noch einmal eng im Kampf um\u2019s Limit!<\/p>\n\n\n\n<p>Somit musste es wieder einmal der 800m Lauf entscheiden. 2:20,51 Minuten war die Grenze, die es zu unterbieten galt. Niemand anderer im Teilnehmerinnenfeld konnte dieses Tempo laufen und daher war das M\u00e4dchen bei sehr starkem Wind auf sich alleine gestellt. Sie bewies abermals enorme K\u00e4mpferqualit\u00e4ten und lief ein einsames Rennen von der Spitze. Erst auf den letzten 100m mit dem Wind im Gesicht wurde es ganz hart und eng und sie k\u00e4mpfte mit jedem einzelnen Schritt. Am Ende \u00fcberquerte Anja die Ziellinie ziemlich ersch\u00f6pft aber \u00fcbergl\u00fccklich nach 2:19,62 Minuten und hat somit mein Ziel erreicht.<\/p>\n\n\n\n<p><strong>Mit 5312 Punkten hatte sie nune eine neue pers\u00f6nliche Bestmarke (PB) und erzielte damit auch einen neuen N\u00d6LV U20 Rekord aus Draufgabe.<\/strong><\/p>\n\n\n\n<figure class=\"wp-block-image size-large\"><img loading=\"lazy\" decoding=\"async\" width=\"1024\" height=\"682\" src=\"https:\/\/www.it-ps.at\/wp-content\/uploads\/2022\/07\/anja-happy-1024x682.jpg\" alt=\"Anja Dlauhy U20 WM Qualifikation Kolumbien\" class=\"wp-image-5419\" srcset=\"https:\/\/www.it-ps.at\/wp-content\/uploads\/2022\/07\/anja-happy-1024x682.jpg 1024w, https:\/\/www.it-ps.at\/wp-content\/uploads\/2022\/07\/anja-happy-300x200.jpg 300w, https:\/\/www.it-ps.at\/wp-content\/uploads\/2022\/07\/anja-happy-768x512.jpg 768w, https:\/\/www.it-ps.at\/wp-content\/uploads\/2022\/07\/anja-happy.jpg 1064w\" sizes=\"auto, (max-width: 1024px) 100vw, 1024px\" \/><figcaption>\u00a9 \u00d6LV \/ Alfred Nevsimal<\/figcaption><\/figure>\n\n\n\n<h2 class=\"has-col-16-abdd-color has-text-color wp-block-heading\">25.\/26. Juni: \u00d6sterreichische Staatsmeisterschaften der allgemeinen Klasse in St. P\u00f6lten<\/h2>\n\n\n\n<p>Als letzten Wettkampf vor der intensiven WM-Vorbereitung bestritt das Talent die \u00f6sterreichischen Staatsmeisterschaften der allgemeinen Klasse. Da das Saisonziel, das U20-WM-Limit bereits erreicht war und sie als U20 Athletin zu den j\u00fcngeren Teilnehmerinnen z\u00e4hlte, konnte sie v\u00f6llig ohne Druck ihren Wettkampf absolvieren. Die Leistungen waren solide, aber nicht sehr gut. So blieb Anja bei H\u00fcrden mit einer Zeit von 14,50sec \u00fcber 3 Zehntel \u00fcber ihrer Bestleistung und auch der Hochsprung mit 1,71m verlief nicht hundertprozentig nach Wunsch. Mit einer Top-6-Platzierung beim H\u00fcrdenlauf, einer Bronzemedaille im Hochsprung und einem weiteren 3. Platz bei der 4x100m Staffel kann sie aber mehr als zufrieden sein.<\/p>\n\n\n\n<h2 class=\"has-col-16-abdd-color has-text-color wp-block-heading\">26. Juli: Abflug nach Cali zur U20 WM<\/h2>\n\n\n\n<p>Jetzt hei\u00dft es noch zwei Wochen \u201eVollgas trainieren\u201c, bevor am 26. Juli der Flieger nach Cali startet. Dort hat Anja dann eine Woche Zeit sich zu akklimatisieren und sich bei Trainingseinheiten vor Ort den letzten Feinschliff zu holen. Am 3. und 4. August startet sie dann ihr WM-Siebenkampf-Deb\u00fct. Die Vorfreude und Motivation sind schon jetzt riesengro\u00df!<\/p>\n\n\n\n<p>Und apropo: Mitte Juni hat Anja \u201eso nebenbei\u201c auch noch die m\u00fcndliche Reifepr\u00fcfung in Englisch und Spanisch an der Liese Prokop Privatschule des \u00d6sterreichischen Leistungssportzentrums S\u00fcdstadt erfolgreich absolviert. Sie hat nun zus\u00e4tzlich zum sportlichen Erfolg auch noch am Ende ihrer Schullaufbahn ein Maturazeugnis mit Notendurchschnitt \u201eSehr gut\u201c in den H\u00e4nden.<\/p>\n\n\n\n<p>Die IT-PS gratuliert dir ganz herzlich zu diesem au\u00dferordendlichen Erfolg und dr\u00fcckt dir f\u00fcr Cali alle verf\u00fcgbaren Daumen! Wir freuen uns jetzt schon auf deinen n\u00e4chsten Bericht!<\/p>\n\n\n\n<figure class=\"wp-block-image size-large\"><img loading=\"lazy\" decoding=\"async\" width=\"1024\" height=\"682\" src=\"https:\/\/www.it-ps.at\/wp-content\/uploads\/2022\/07\/anja-und-ooeerin-quali-1024x682.jpg\" alt=\"Anja Dlauhy und Sophie Kreiner (ATSV Linz LA) nach dem Erreichen des WM Limits\" class=\"wp-image-5436\" srcset=\"https:\/\/www.it-ps.at\/wp-content\/uploads\/2022\/07\/anja-und-ooeerin-quali-1024x682.jpg 1024w, https:\/\/www.it-ps.at\/wp-content\/uploads\/2022\/07\/anja-und-ooeerin-quali-300x200.jpg 300w, https:\/\/www.it-ps.at\/wp-content\/uploads\/2022\/07\/anja-und-ooeerin-quali-768x512.jpg 768w, https:\/\/www.it-ps.at\/wp-content\/uploads\/2022\/07\/anja-und-ooeerin-quali.jpg 1064w\" sizes=\"auto, (max-width: 1024px) 100vw, 1024px\" \/><figcaption>\u00a9 \u00d6LV \/ Alfred Nevsimal | Anja Dlauhy (ULC Riverside M\u00f6dling) und Sophie Kreiner (ATSV Linz LA) nach dem Erreichen des WM Limits<\/figcaption><\/figure>\n","protected":false},"excerpt":{"rendered":"<p>Unsere junge Nachwuchssportlerin Anja Dlauchy erf\u00fcllt sich einen Traum und schafft die U20 WM Qualifikation in Kolumbien<\/p>\n","protected":false},"author":5,"featured_media":5436,"comment_status":"closed","ping_status":"closed","sticky":false,"template":"","format":"standard","meta":{"_EventAllDay":false,"_EventTimezone":"","_EventStartDate":"","_EventEndDate":"","_EventStartDateUTC":"","_EventEndDateUTC":"","_EventShowMap":false,"_EventShowMapLink":false,"_EventURL":"","_EventCost":"","_EventCostDescription":"","_EventCurrencySymbol":"","_EventCurrencyCode":"","_EventCurrencyPosition":"","_EventDateTimeSeparator":"","_EventTimeRangeSeparator":"","_EventOrganizerID":[],"_EventVenueID":[],"_OrganizerEmail":"","_OrganizerPhone":"","_OrganizerWebsite":"","_VenueAddress":"","_VenueCity":"","_VenueCountry":"","_VenueProvince":"","_VenueState":"","_VenueZip":"","_VenuePhone":"","_VenueURL":"","_VenueStateProvince":"","_VenueLat":"","_VenueLng":"","_VenueShowMap":false,"_VenueShowMapLink":false,"footnotes":""},"categories":[20],"tags":[],"class_list":["post-5414","post","type-post","status-publish","format-standard","has-post-thumbnail","hentry","category-allgemeines"],"aioseo_notices":[],"_links":{"self":[{"href":"https:\/\/www.it-ps.at\/en\/wp-json\/wp\/v2\/posts\/5414","targetHints":{"allow":["GET"]}}],"collection":[{"href":"https:\/\/www.it-ps.at\/en\/wp-json\/wp\/v2\/posts"}],"about":[{"href":"https:\/\/www.it-ps.at\/en\/wp-json\/wp\/v2\/types\/post"}],"author":[{"embeddable":true,"href":"https:\/\/www.it-ps.at\/en\/wp-json\/wp\/v2\/users\/5"}],"replies":[{"embeddable":true,"href":"https:\/\/www.it-ps.at\/en\/wp-json\/wp\/v2\/comments?post=5414"}],"version-history":[{"count":1,"href":"https:\/\/www.it-ps.at\/en\/wp-json\/wp\/v2\/posts\/5414\/revisions"}],"predecessor-version":[{"id":9887,"href":"https:\/\/www.it-ps.at\/en\/wp-json\/wp\/v2\/posts\/5414\/revisions\/9887"}],"wp:featuredmedia":[{"embeddable":true,"href":"https:\/\/www.it-ps.at\/en\/wp-json\/wp\/v2\/media\/5436"}],"wp:attachment":[{"href":"https:\/\/www.it-ps.at\/en\/wp-json\/wp\/v2\/media?parent=5414"}],"wp:term":[{"taxonomy":"category","embeddable":true,"href":"https:\/\/www.it-ps.at\/en\/wp-json\/wp\/v2\/categories?post=5414"},{"taxonomy":"post_tag","embeddable":true,"href":"https:\/\/www.it-ps.at\/en\/wp-json\/wp\/v2\/tags?post=5414"}],"curies":[{"name":"wp","href":"https:\/\/api.w.org\/{rel}","templated":true}]}}