{"id":5466,"date":"2022-08-25T16:46:04","date_gmt":"2022-08-25T14:46:04","guid":{"rendered":"https:\/\/www.it-ps.at\/?p=5466"},"modified":"2024-10-16T11:10:34","modified_gmt":"2024-10-16T09:10:34","slug":"ferialpraktikanten-2022","status":"publish","type":"post","link":"https:\/\/www.it-ps.at\/en\/ferialpraktikanten-2022\/","title":{"rendered":"Ferialpraktikanten 2022 berichten \u00fcber Ihre Zeit bei der IT-PS"},"content":{"rendered":"\n<p><strong>Wenn man Erfahrungsberichte von Ferialpraktikanten\/innen liest, verbindet man damit meistens Kuchen und Kaffee bringen. Nicht so bei der IT-PS. Lesen Sie hier den Erfahrungsbericht unserer Ferialpraktikanten:<\/strong><\/p>\n\n\n\n<!--more-->\n\n\n\n<p>Wenn man Erfahrungsberichte von Ferialpraktikanten\/innen liest, verbindet man damit meistens Kuchen und Kaffee bringen. Jedoch konnten wir bei der IT-PS das ganze aus einem anderen Blickwinkel betrachten. Wir wurden von fr\u00fch bis sp\u00e4t von den Experten des Unternehmens aus jedem Bereich mit informativen Aufgaben zugedeckt. In diesem Blogbeitrag berichten wir vier Praktikanten, Florian Nowotny, Florian Eckstein, Hazem Saadeddin und Raphael Faltinger \u00fcber unsere Erfahrungen des Ferialpraktikums, welche wir im August gesammelt haben. Dabei haben wir von der enormen Berufserfahrung der Kollegen\/innen profitiert.<\/p>\n\n\n\n<h2 class=\"has-col-16-abdd-color has-text-color wp-block-heading\">IBM OS\/400 als Startpunkt des Ferialpraktikums<\/h2>\n\n\n\n<p>Am 3.- und 4. August, in der ersten Woche des Ferialpraktikums haben wir einiges \u00fcber IBM i gelernt. Uns wurden von Rene, Jakob und Philipp die Grundlagen der AS\/400 erkl\u00e4rt.<\/p>\n\n\n\n<p>IBM i ist ein von IBM f\u00fcr IBM Power Systems entwickeltes Betriebssystem. Es wurde urspr\u00fcnglich 1988 als OS\/400 als einziges Betriebssystem der IBM AS\/400-Systemreihe ver\u00f6ffentlicht. In sp\u00e4terer Laufbahn wurde das Betriebssystem zu IBM i umbenannt.&nbsp;<br>Der Powerserver&nbsp;kann durch die HMC (Hardware Management Console) bedient und gesteuert werden. Jede Maschine ist mit einer ausgestattet.&nbsp;<br>Besonders gut gefallen haben uns in diesem Ferialpraktikum die Grundlagen der bestimmten Commands mit denen man die IBM i bedienen kann.<\/p>\n\n\n\n<h2 class=\"has-col-16-abdd-color has-text-color wp-block-heading\">Mit Data Science und KI der Blick in die Zukunft<\/h2>\n\n\n\n<p>Innerhalb unseres Ferialpraktikums haben wir uns drei Tage lang mit Data Science besch\u00e4ftigt. In diesem Zeitraum haben wir uns mehrere Teilbereiche (machine-learning, artificial neural networks und data structure) n\u00e4her angeschaut, welche sehr spannend waren. Das Interessanteste war die sogenannte \u201cLinear Optimization\u201d. Zum Schluss kannten wir die optimale L\u00f6sung um Problemstellungen mithilfe von K\u00fcnstlicher Intelligenz (KI) l\u00f6sen zu k\u00f6nnen. Ein Beispiel w\u00e4re der schnellst-m\u00f6glichste Weg, mit Stau und Ampelwartezeiten, den ein Krankenwagen nehmen m\u00fcsste, um rechtzeitig am Umfallort eintreffen zu k\u00f6nnen. Beispielsweise kann ein l\u00e4ngerer Weg durch weniger Ampeln schneller sein als ein k\u00fcrzerer mit vielen Hindernissen.<\/p>\n\n\n\n<h2 class=\"has-col-16-abdd-color has-text-color wp-block-heading\">Vertrieb als wichtige Schnittstelle nach Au\u00dfen<\/h2>\n\n\n\n<p>Ein anderer interessanter Bereich, welchen wir besser kennengelernt haben, ist der Verkauf.&nbsp;<br>Am ersten Tag wurde uns vor allem der theoretische Teil \u00fcber den Vertrieb n\u00e4hergebracht. Anhand eines aktuellen Angebots wurde uns sehr genau erkl\u00e4rt, wie die Zahlen zustande kommen. Es ist sehr interessant, wenn man sich damit bisher kaum besch\u00e4ftigt hat. Doch man muss als Verk\u00e4ufer auch sehr gut organisiert sein. Denn das p\u00fcnktliche Liefern, wie viele weitere Punkte die Organisation ben\u00f6tigen f\u00fchren zu einem positiven Eindruck beim Kunden.&nbsp;<br>Am zweiten Tag haben wir vieles \u00fcber den zwischenmenschlichen Teil des Vertriebs gelernt. Besonders wichtig hierbei ist, dass man als Verk\u00e4ufer vorsichtig sein muss und man Menschen gut verstehen sollte. Es wurde folgendes Beispiel gebracht: Wenn der Kunde das Gef\u00fchl hat, dass er \u00fcber den Tisch gezogen wird, dann ist dies aus folgendem Grund problematisch: Der Kunde wird nie wieder was kaufen, und zus\u00e4tzlich verbreitet er noch diese negative Energie auf andere potenzielle Kunden. Doch dabei ist das vielleicht gar nicht der Fall. Deswegen sind Vorsicht und Menschenkenntnis sehr wichtig!&nbsp;<\/p>\n\n\n\n<h2 class=\"has-col-16-abdd-color has-text-color wp-block-heading\">Res\u00fcmee des Ferialpraktikums<\/h2>\n\n\n\n<p>Zusammengefasst k\u00f6nnen wir sagen, dass das Ferialpraktikum bei der IT-PS sehr anstrengt, aber zu gleich sehr informativ war. Wir empfehlen allen die sich f\u00fcr IT interessieren und einen Ferialjob 2023 suchen sich bei der Firma IT Power Services zu bewerben.<\/p>\n\n\n\n<figure class=\"wp-block-gallery has-nested-images columns-default is-cropped wp-block-gallery-1 is-layout-flex wp-block-gallery-is-layout-flex\">\n<figure class=\"wp-block-image size-large\"><img loading=\"lazy\" decoding=\"async\" width=\"1920\" height=\"2560\" data-id=\"5476\" src=\"https:\/\/www.it-ps.at\/wp-content\/uploads\/2022\/08\/20220825_155120-scaled-1.jpg\" alt=\"Ferialpraktikant Florian Nowotny\" class=\"wp-image-5476\" srcset=\"https:\/\/www.it-ps.at\/wp-content\/uploads\/2022\/08\/20220825_155120-scaled-1.jpg 1920w, https:\/\/www.it-ps.at\/wp-content\/uploads\/2022\/08\/20220825_155120-scaled-1-225x300.jpg 225w, https:\/\/www.it-ps.at\/wp-content\/uploads\/2022\/08\/20220825_155120-scaled-1-768x1024.jpg 768w, https:\/\/www.it-ps.at\/wp-content\/uploads\/2022\/08\/20220825_155120-scaled-1-1152x1536.jpg 1152w, https:\/\/www.it-ps.at\/wp-content\/uploads\/2022\/08\/20220825_155120-scaled-1-1536x2048.jpg 1536w\" sizes=\"auto, (max-width: 1920px) 100vw, 1920px\" \/><figcaption>Florian Nowotny<\/figcaption><\/figure>\n\n\n\n<figure class=\"wp-block-image size-large\"><img loading=\"lazy\" decoding=\"async\" width=\"1920\" height=\"2560\" data-id=\"5474\" src=\"https:\/\/www.it-ps.at\/wp-content\/uploads\/2022\/08\/20220825_155112-scaled-1.jpg\" alt=\"Ferialpraktikant Hazem Saadeddin\" class=\"wp-image-5474\" srcset=\"https:\/\/www.it-ps.at\/wp-content\/uploads\/2022\/08\/20220825_155112-scaled-1.jpg 1920w, https:\/\/www.it-ps.at\/wp-content\/uploads\/2022\/08\/20220825_155112-scaled-1-225x300.jpg 225w, https:\/\/www.it-ps.at\/wp-content\/uploads\/2022\/08\/20220825_155112-scaled-1-768x1024.jpg 768w, https:\/\/www.it-ps.at\/wp-content\/uploads\/2022\/08\/20220825_155112-scaled-1-1152x1536.jpg 1152w, https:\/\/www.it-ps.at\/wp-content\/uploads\/2022\/08\/20220825_155112-scaled-1-1536x2048.jpg 1536w\" sizes=\"auto, (max-width: 1920px) 100vw, 1920px\" \/><figcaption>Hazem Saadeddin<\/figcaption><\/figure>\n<\/figure>\n\n\n\n<figure class=\"wp-block-gallery has-nested-images columns-default is-cropped wp-block-gallery-2 is-layout-flex wp-block-gallery-is-layout-flex\">\n<figure class=\"wp-block-image size-large\"><img loading=\"lazy\" decoding=\"async\" width=\"1920\" height=\"2560\" data-id=\"5472\" src=\"https:\/\/www.it-ps.at\/wp-content\/uploads\/2022\/08\/20220825_155046-Kopie-scaled-1.jpg\" alt=\"Ferialpraktikant Raphael Faltinger\" class=\"wp-image-5472\" srcset=\"https:\/\/www.it-ps.at\/wp-content\/uploads\/2022\/08\/20220825_155046-Kopie-scaled-1.jpg 1920w, https:\/\/www.it-ps.at\/wp-content\/uploads\/2022\/08\/20220825_155046-Kopie-scaled-1-225x300.jpg 225w, https:\/\/www.it-ps.at\/wp-content\/uploads\/2022\/08\/20220825_155046-Kopie-scaled-1-768x1024.jpg 768w, https:\/\/www.it-ps.at\/wp-content\/uploads\/2022\/08\/20220825_155046-Kopie-scaled-1-1152x1536.jpg 1152w, https:\/\/www.it-ps.at\/wp-content\/uploads\/2022\/08\/20220825_155046-Kopie-scaled-1-1536x2048.jpg 1536w\" sizes=\"auto, (max-width: 1920px) 100vw, 1920px\" \/><figcaption>Raphael Faltinger<\/figcaption><\/figure>\n\n\n\n<figure class=\"wp-block-image size-large\"><img loading=\"lazy\" decoding=\"async\" width=\"1920\" height=\"2560\" data-id=\"5470\" src=\"https:\/\/www.it-ps.at\/wp-content\/uploads\/2022\/08\/20220825_155032-scaled-1.jpg\" alt=\"Ferialpraktikant Florian Eckstein\" class=\"wp-image-5470\" srcset=\"https:\/\/www.it-ps.at\/wp-content\/uploads\/2022\/08\/20220825_155032-scaled-1.jpg 1920w, https:\/\/www.it-ps.at\/wp-content\/uploads\/2022\/08\/20220825_155032-scaled-1-225x300.jpg 225w, https:\/\/www.it-ps.at\/wp-content\/uploads\/2022\/08\/20220825_155032-scaled-1-768x1024.jpg 768w, https:\/\/www.it-ps.at\/wp-content\/uploads\/2022\/08\/20220825_155032-scaled-1-1152x1536.jpg 1152w, https:\/\/www.it-ps.at\/wp-content\/uploads\/2022\/08\/20220825_155032-scaled-1-1536x2048.jpg 1536w\" sizes=\"auto, (max-width: 1920px) 100vw, 1920px\" \/><figcaption>Florian Eckstein<\/figcaption><\/figure>\n<\/figure>\n","protected":false},"excerpt":{"rendered":"<p>Ferialpraktikanten 2022 berichten \u00fcber Ihre Zeit bei der IT-PS<\/p>\n","protected":false},"author":5,"featured_media":5482,"comment_status":"closed","ping_status":"closed","sticky":false,"template":"","format":"standard","meta":{"_EventAllDay":false,"_EventTimezone":"","_EventStartDate":"","_EventEndDate":"","_EventStartDateUTC":"","_EventEndDateUTC":"","_EventShowMap":false,"_EventShowMapLink":false,"_EventURL":"","_EventCost":"","_EventCostDescription":"","_EventCurrencySymbol":"","_EventCurrencyCode":"","_EventCurrencyPosition":"","_EventDateTimeSeparator":"","_EventTimeRangeSeparator":"","_EventOrganizerID":[],"_EventVenueID":[],"_OrganizerEmail":"","_OrganizerPhone":"","_OrganizerWebsite":"","_VenueAddress":"","_VenueCity":"","_VenueCountry":"","_VenueProvince":"","_VenueState":"","_VenueZip":"","_VenuePhone":"","_VenueURL":"","_VenueStateProvince":"","_VenueLat":"","_VenueLng":"","_VenueShowMap":false,"_VenueShowMapLink":false,"footnotes":""},"categories":[20],"tags":[],"class_list":["post-5466","post","type-post","status-publish","format-standard","has-post-thumbnail","hentry","category-allgemeines"],"aioseo_notices":[],"_links":{"self":[{"href":"https:\/\/www.it-ps.at\/en\/wp-json\/wp\/v2\/posts\/5466","targetHints":{"allow":["GET"]}}],"collection":[{"href":"https:\/\/www.it-ps.at\/en\/wp-json\/wp\/v2\/posts"}],"about":[{"href":"https:\/\/www.it-ps.at\/en\/wp-json\/wp\/v2\/types\/post"}],"author":[{"embeddable":true,"href":"https:\/\/www.it-ps.at\/en\/wp-json\/wp\/v2\/users\/5"}],"replies":[{"embeddable":true,"href":"https:\/\/www.it-ps.at\/en\/wp-json\/wp\/v2\/comments?post=5466"}],"version-history":[{"count":1,"href":"https:\/\/www.it-ps.at\/en\/wp-json\/wp\/v2\/posts\/5466\/revisions"}],"predecessor-version":[{"id":9886,"href":"https:\/\/www.it-ps.at\/en\/wp-json\/wp\/v2\/posts\/5466\/revisions\/9886"}],"wp:featuredmedia":[{"embeddable":true,"href":"https:\/\/www.it-ps.at\/en\/wp-json\/wp\/v2\/media\/5482"}],"wp:attachment":[{"href":"https:\/\/www.it-ps.at\/en\/wp-json\/wp\/v2\/media?parent=5466"}],"wp:term":[{"taxonomy":"category","embeddable":true,"href":"https:\/\/www.it-ps.at\/en\/wp-json\/wp\/v2\/categories?post=5466"},{"taxonomy":"post_tag","embeddable":true,"href":"https:\/\/www.it-ps.at\/en\/wp-json\/wp\/v2\/tags?post=5466"}],"curies":[{"name":"wp","href":"https:\/\/api.w.org\/{rel}","templated":true}]}}